{"id":897,"date":"2026-04-30T13:59:15","date_gmt":"2026-04-30T11:59:15","guid":{"rendered":"https:\/\/cape-ong.org\/?p=897"},"modified":"2026-04-30T14:54:57","modified_gmt":"2026-04-30T12:54:57","slug":"prevenir-lextremisme-violent-au-nord-du-benin-cape-coscep-mise-sur-lalerte-locale-et-la-cohesion-sociale","status":"publish","type":"post","link":"https:\/\/cape-ong.org\/index.php\/2026\/04\/30\/prevenir-lextremisme-violent-au-nord-du-benin-cape-coscep-mise-sur-lalerte-locale-et-la-cohesion-sociale\/","title":{"rendered":"Pr\u00e9venir l\u2019extr\u00e9misme violent au Nord du B\u00e9nin : CAPE\/COSCEP mise sur l\u2019alerte locale et la coh\u00e9sion sociale"},"content":{"rendered":"\t\t<div data-elementor-type=\"wp-post\" data-elementor-id=\"897\" class=\"elementor elementor-897\">\n\t\t\t\t<div class=\"elementor-element elementor-element-62c7f99 e-flex e-con-boxed e-con e-parent\" data-id=\"62c7f99\" data-element_type=\"container\">\n\t\t\t\t\t<div class=\"e-con-inner\">\n\t\t\t\t<div class=\"elementor-element elementor-element-9385d08 elementor-widget elementor-widget-elementskit-heading\" data-id=\"9385d08\" data-element_type=\"widget\" data-widget_type=\"elementskit-heading.default\">\n\t\t\t\t<div class=\"elementor-widget-container\">\n\t\t\t\t\t<div class=\"ekit-wid-con\" ><div class=\"ekit-heading elementskit-section-title-wraper text_left   ekit_heading_tablet-   ekit_heading_mobile-\"><h2 class=\"ekit-heading--title elementskit-section-title \">Pr\u00e9venir l\u2019extr\u00e9misme violent au Nord du B\u00e9nin : CAPE\/COSCEP mise sur l\u2019alerte locale et la coh\u00e9sion sociale<\/h2><\/div><\/div>\t\t\t\t<\/div>\n\t\t\t\t<\/div>\n\t\t\t\t<div class=\"elementor-element elementor-element-f2523e8 elementor-widget elementor-widget-text-editor\" data-id=\"f2523e8\" data-element_type=\"widget\" data-widget_type=\"text-editor.default\">\n\t\t\t\t<div class=\"elementor-widget-container\">\n\t\t\t\t\t\t\t\t\t<p><span style=\"font-weight: 400;\">Dans un contexte r\u00e9gional marqu\u00e9 par la mont\u00e9e des menaces s\u00e9curitaires, la pr\u00e9vention de l\u2019extr\u00e9misme violent est devenue un enjeu majeur pour la paix, la coh\u00e9sion sociale et la stabilit\u00e9 des communaut\u00e9s au Nord du B\u00e9nin. Face \u00e0 cette r\u00e9alit\u00e9, le Cadre d\u2019Appui aux Processus \u00c9lectoraux \u2014 CAPE \u2014, en collaboration avec la Coalition des Organisations de la Soci\u00e9t\u00e9 Civile pour les \u00c9lections et la Paix \u2014 COSCEP \u2014, a conduit un projet de monitoring des menaces et incidents d\u2019extr\u00e9misme violent entre le 13 octobre 2023 et le 31 mai 2024.\u00a0<\/span><\/p><p><span style=\"font-weight: 400;\">Cette initiative s\u2019inscrit dans la vision port\u00e9e par CAPE-PDH : promouvoir une d\u00e9mocratie durable, la paix, la coh\u00e9sion sociale, la gouvernance \u00e9thique et l\u2019inclusion des couches marginalis\u00e9es dans le d\u00e9veloppement national. Le site officiel de l\u2019ONG met \u00e9galement en avant ses piliers d\u2019action autour des \u00e9lections, de la coh\u00e9sion sociale, des droits humains, de la gouvernance et de la d\u00e9mocratie. <\/span><\/p><p><b>Une menace qui fragilise les communaut\u00e9s locales<\/b><\/p><p><span style=\"font-weight: 400;\">Depuis l\u2019enl\u00e8vement de deux touristes fran\u00e7ais dans le parc de la Pendjari en mai 2019, la menace de l\u2019extr\u00e9misme violent se manifeste progressivement dans la partie septentrionale du B\u00e9nin. Le rapport souligne que cette menace fragilise la paix dans les localit\u00e9s touch\u00e9es et se d\u00e9veloppe dans un contexte marqu\u00e9 par des frustrations sociales, un sentiment d\u2019abandon, l\u2019ins\u00e9curit\u00e9 dans les zones frontali\u00e8res et la vuln\u00e9rabilit\u00e9 de certaines populations.\u00a0<\/span><\/p><p><span style=\"font-weight: 400;\">C\u2019est dans ce contexte que CAPE\/COSCEP a engag\u00e9 une action de veille et d\u2019analyse afin de documenter les incidents, comprendre les dynamiques locales et formuler des recommandations pratiques aux acteurs impliqu\u00e9s dans la pr\u00e9vention de l\u2019extr\u00e9misme violent.<\/span><\/p>\t\t\t\t\t\t\t\t<\/div>\n\t\t\t\t<\/div>\n\t\t\t\t<div class=\"elementor-element elementor-element-43a5084 elementor-widget elementor-widget-text-editor\" data-id=\"43a5084\" data-element_type=\"widget\" data-widget_type=\"text-editor.default\">\n\t\t\t\t<div class=\"elementor-widget-container\">\n\t\t\t\t\t\t\t\t\t<p><span style=\"font-weight: 400;\">Le rapport final pr\u00e9sente les r\u00e9sultats du projet de monitoring des menaces et incidents d\u2019extr\u00e9misme violent dans le Nord du B\u00e9nin. Il met l\u2019accent sur les r\u00e9sultats obtenus, les perspectives d\u2019avenir et les recommandations techniques destin\u00e9es \u00e0 renforcer la pr\u00e9vention, la coordination et l\u2019action locale.\u00a0<\/span><\/p><p><span style=\"font-weight: 400;\">L\u2019objectif global du projet \u00e9tait de contribuer \u00e0 la promotion de la paix, de la tranquillit\u00e9 et de la coh\u00e9sion sociale dans les d\u00e9partements du Nord du B\u00e9nin. Trois objectifs sp\u00e9cifiques ont guid\u00e9 l\u2019intervention : renforcer les m\u00e9canismes locaux de dialogue et de r\u00e9solution des conflits, soutenir la r\u00e9silience socio-\u00e9conomique des populations dans les zones cibl\u00e9es et r\u00e9duire la perception de l\u2019ins\u00e9curit\u00e9.\u00a0<\/span><\/p><p><b>Une approche fond\u00e9e sur la veille communautaire et l\u2019analyse des donn\u00e9es<\/b><\/p><p><span style=\"font-weight: 400;\">Pour mettre en \u0153uvre ce projet, CAPE\/COSCEP a d\u00e9ploy\u00e9 30 acteurs de coh\u00e9sion sociale, \u00e0 raison d\u2019un acteur par commune. Ces acteurs ont \u00e9t\u00e9 s\u00e9lectionn\u00e9s et form\u00e9s les 12 et 13 octobre 2023 \u00e0 Parakou. Leur mission consistait \u00e0 collecter chaque semaine des donn\u00e9es li\u00e9es \u00e0 la coh\u00e9sion sociale et aux incidents observ\u00e9s dans leurs localit\u00e9s.\u00a0<\/span><\/p><p><span style=\"font-weight: 400;\">La collecte s\u2019est appuy\u00e9e sur quatre types de formulaires destin\u00e9s aux individus, aux autorit\u00e9s politico-administratives, aux Forces de d\u00e9fense et de s\u00e9curit\u00e9, ainsi qu\u2019aux organisations de la soci\u00e9t\u00e9 civile. Les informations recueillies \u00e9taient transmises via Microsoft Forms \u00e0 un centre de compilation compos\u00e9 d\u2019un \u00e9conomiste, d\u2019un sociologue et d\u2019un juriste, charg\u00e9 du traitement et de l\u2019analyse des donn\u00e9es.\u00a0<\/span><\/p><p><span style=\"font-weight: 400;\">Cette d\u00e9marche a permis de produire des rapports hebdomadaires, des rapports mensuels, puis un rapport g\u00e9n\u00e9ral. Les rapports ont servi de base aux sessions de diss\u00e9mination organis\u00e9es dans les d\u00e9partements cibl\u00e9s, afin de partager les informations avec les autorit\u00e9s et les acteurs locaux.<\/span><\/p><p><b>Zones d\u2019intervention<\/b><\/p><p><span style=\"font-weight: 400;\">Le projet a couvert cinq d\u00e9partements du Nord et du Centre-Nord du B\u00e9nin :<\/span><\/p>\t\t\t\t\t\t\t\t<\/div>\n\t\t\t\t<\/div>\n\t\t\t\t<div class=\"elementor-element elementor-element-3b50f07 elementor-widget elementor-widget-html\" data-id=\"3b50f07\" data-element_type=\"widget\" data-widget_type=\"html.default\">\n\t\t\t\t<div class=\"elementor-widget-container\">\n\t\t\t\t\t<table border=\"1\" cellpadding=\"8\" cellspacing=\"0\">\n    <thead>\n        <tr>\n            <th>D\u00e9partement<\/th>\n            <th>Incidents recens\u00e9s<\/th>\n        <\/tr>\n    <\/thead>\n    <tbody>\n        <tr>\n            <td>Atacora<\/td>\n            <td>111<\/td>\n        <\/tr>\n        <tr>\n            <td>Alibori<\/td>\n            <td>65<\/td>\n        <\/tr>\n        <tr>\n            <td>Borgou<\/td>\n            <td>50<\/td>\n        <\/tr>\n        <tr>\n            <td>Donga<\/td>\n            <td>48<\/td>\n        <\/tr>\n        <tr>\n            <td>Collines<\/td>\n            <td>14<\/td>\n        <\/tr>\n        <tr>\n            <td><strong>Total<\/strong><\/td>\n            <td><strong>288<\/strong><\/td>\n        <\/tr>\n    <\/tbody>\n<\/table>\t\t\t\t<\/div>\n\t\t\t\t<\/div>\n\t\t\t\t<div class=\"elementor-element elementor-element-69d89cd elementor-widget elementor-widget-text-editor\" data-id=\"69d89cd\" data-element_type=\"widget\" data-widget_type=\"text-editor.default\">\n\t\t\t\t<div class=\"elementor-widget-container\">\n\t\t\t\t\t\t\t\t\t<p><img fetchpriority=\"high\" decoding=\"async\" class=\"aligncenter wp-image-926 size-large\" src=\"https:\/\/cape-ong.org\/wp-content\/uploads\/2026\/04\/Carte-de-la-zone-de-deploiement-des-LTSM-1024x716.png\" alt=\"\" width=\"1024\" height=\"716\" srcset=\"https:\/\/cape-ong.org\/wp-content\/uploads\/2026\/04\/Carte-de-la-zone-de-deploiement-des-LTSM-1024x716.png 1024w, https:\/\/cape-ong.org\/wp-content\/uploads\/2026\/04\/Carte-de-la-zone-de-deploiement-des-LTSM-300x210.png 300w, https:\/\/cape-ong.org\/wp-content\/uploads\/2026\/04\/Carte-de-la-zone-de-deploiement-des-LTSM-768x537.png 768w, https:\/\/cape-ong.org\/wp-content\/uploads\/2026\/04\/Carte-de-la-zone-de-deploiement-des-LTSM-1536x1074.png 1536w, https:\/\/cape-ong.org\/wp-content\/uploads\/2026\/04\/Carte-de-la-zone-de-deploiement-des-LTSM.png 1600w\" sizes=\"(max-width: 1024px) 100vw, 1024px\" \/><\/p><p><img decoding=\"async\" class=\"aligncenter wp-image-931 size-full\" src=\"https:\/\/cape-ong.org\/wp-content\/uploads\/2026\/04\/Screenshot-from-2026-04-30-13-15-52.png\" alt=\"\" width=\"665\" height=\"403\" srcset=\"https:\/\/cape-ong.org\/wp-content\/uploads\/2026\/04\/Screenshot-from-2026-04-30-13-15-52.png 665w, https:\/\/cape-ong.org\/wp-content\/uploads\/2026\/04\/Screenshot-from-2026-04-30-13-15-52-300x182.png 300w\" sizes=\"(max-width: 665px) 100vw, 665px\" \/><\/p><p><span style=\"font-weight: 400;\">Au total, 288 incidents ont \u00e9t\u00e9 recens\u00e9s entre le 13 octobre 2023 et le 31 mai 2024 dans la zone couverte par le projet. L\u2019Atacora concentre le plus grand nombre d\u2019incidents, suivi de l\u2019Alibori, du Borgou, de la Donga et des Collines.\u00a0<\/span><\/p><p><b>Pr\u00e9sentation des activit\u00e9s principales<\/b><\/p><ol><li><b> Monitoring des incidents et menaces<\/b><\/li><\/ol><p><span style=\"font-weight: 400;\">Le projet a permis de documenter diff\u00e9rentes cat\u00e9gories d\u2019incidents : criminalit\u00e9 violente, attaques terroristes, radicalisation, conflits entre \u00e9leveurs et agriculteurs, conflits domaniaux, autres conflits, ins\u00e9curit\u00e9 des transports, ins\u00e9curit\u00e9 alimentaire, violences bas\u00e9es sur le genre et autres incidents.\u00a0<\/span><\/p><p><span style=\"font-weight: 400;\">Cette collecte r\u00e9guli\u00e8re a donn\u00e9 aux acteurs locaux et nationaux une vision plus claire des risques, des zones les plus touch\u00e9es et des facteurs de vuln\u00e9rabilit\u00e9.<\/span><\/p><ol start=\"2\"><li><b> Analyse des donn\u00e9es et production de rapports<\/b><\/li><\/ol><p><span style=\"font-weight: 400;\">Les donn\u00e9es recueillies ont \u00e9t\u00e9 trait\u00e9es et analys\u00e9es pour produire des tableaux, graphiques et synth\u00e8ses destin\u00e9s \u00e0 la prise de d\u00e9cision. Le projet a produit huit rapports mensuels, six sessions de diss\u00e9mination et un rapport g\u00e9n\u00e9ral.\u00a0<\/span><\/p><p><span style=\"font-weight: 400;\">Cette production r\u00e9guli\u00e8re d\u2019informations a contribu\u00e9 \u00e0 renforcer la capacit\u00e9 de CAPE\/COSCEP \u00e0 fournir des donn\u00e9es utiles, structur\u00e9es et exploitables aux d\u00e9cideurs.<\/span><\/p><ol start=\"3\"><li><b> Diss\u00e9mination des r\u00e9sultats aupr\u00e8s des acteurs cl\u00e9s<\/b><\/li><\/ol><p><span style=\"font-weight: 400;\">Les sessions de diss\u00e9mination ont \u00e9t\u00e9 organis\u00e9es de mani\u00e8re rotative dans les d\u00e9partements d\u2019intervention. Elles se sont tenues \u00e0 Parakou, Natitingou, Kandi, Djougou et Sav\u00e8, puis une session finale de cl\u00f4ture a eu lieu le 20 juin 2024 \u00e0 Cotonou.\u00a0<\/span><\/p><p><span style=\"font-weight: 400;\">Ces rencontres ont r\u00e9uni des autorit\u00e9s administratives et locales, des forces de d\u00e9fense et de s\u00e9curit\u00e9, des partis politiques, des chefs religieux et traditionnels, des organisations de la soci\u00e9t\u00e9 civile, des acteurs de coh\u00e9sion sociale et des repr\u00e9sentants institutionnels. Elles ont permis de partager les r\u00e9sultats, de croiser les informations et de renforcer la coordination autour de la pr\u00e9vention de l\u2019extr\u00e9misme violent.<\/span><\/p><ol start=\"4\"><li><b> Suivi des recommandations<\/b><\/li><\/ol><p><span style=\"font-weight: 400;\">CAPE\/COSCEP a mis en place une base r\u00e9f\u00e9rentielle et un m\u00e9canisme de suivi-\u00e9valuation pour appr\u00e9cier la prise en compte des recommandations par les acteurs concern\u00e9s. Ce m\u00e9canisme permet d\u2019aller au-del\u00e0 du simple constat, en favorisant une logique d\u2019am\u00e9lioration continue et d\u2019action concert\u00e9e.\u00a0<\/span><\/p><p><b>R\u00e9sultats et impact<\/b><\/p><p><img decoding=\"async\" class=\"aligncenter wp-image-935 size-full\" src=\"https:\/\/cape-ong.org\/wp-content\/uploads\/2026\/04\/Screenshot-from-2026-04-30-13-17-21.png\" alt=\"\" width=\"694\" height=\"587\" srcset=\"https:\/\/cape-ong.org\/wp-content\/uploads\/2026\/04\/Screenshot-from-2026-04-30-13-17-21.png 694w, https:\/\/cape-ong.org\/wp-content\/uploads\/2026\/04\/Screenshot-from-2026-04-30-13-17-21-300x254.png 300w\" sizes=\"(max-width: 694px) 100vw, 694px\" \/><\/p><p><b>Chiffres cl\u00e9s<\/b><\/p>\t\t\t\t\t\t\t\t<\/div>\n\t\t\t\t<\/div>\n\t\t\t\t<div class=\"elementor-element elementor-element-02c5854 elementor-widget elementor-widget-html\" data-id=\"02c5854\" data-element_type=\"widget\" data-widget_type=\"html.default\">\n\t\t\t\t<div class=\"elementor-widget-container\">\n\t\t\t\t\t<table border=\"1\" cellpadding=\"8\" cellspacing=\"0\">\n    <thead>\n        <tr>\n            <th>Indicateur<\/th>\n            <th>R\u00e9sultat<\/th>\n        <\/tr>\n    <\/thead>\n    <tbody>\n        <tr>\n            <td>P\u00e9riode du projet<\/td>\n            <td>13 octobre 2023 \u2013 31 mai 2024<\/td>\n        <\/tr>\n        <tr>\n            <td>Acteurs de coh\u00e9sion sociale d\u00e9ploy\u00e9s<\/td>\n            <td>30<\/td>\n        <\/tr>\n        <tr>\n            <td>Femmes parmi les acteurs de coh\u00e9sion sociale<\/td>\n            <td>33 %<\/td>\n        <\/tr>\n        <tr>\n            <td>Hommes parmi les acteurs de coh\u00e9sion sociale<\/td>\n            <td>67 %<\/td>\n        <\/tr>\n        <tr>\n            <td>Acteurs \u00e2g\u00e9s de 18 \u00e0 29 ans<\/td>\n            <td>50 %<\/td>\n        <\/tr>\n        <tr>\n            <td>Incidents recens\u00e9s<\/td>\n            <td>288<\/td>\n        <\/tr>\n        <tr>\n            <td>D\u00e9partements couverts<\/td>\n            <td>5<\/td>\n        <\/tr>\n        <tr>\n            <td>Rapports mensuels produits<\/td>\n            <td>8<\/td>\n        <\/tr>\n        <tr>\n            <td>Sessions de diss\u00e9mination<\/td>\n            <td>6<\/td>\n        <\/tr>\n        <tr>\n            <td>Rapport g\u00e9n\u00e9ral produit<\/td>\n            <td>1<\/td>\n        <\/tr>\n    <\/tbody>\n<\/table>\t\t\t\t<\/div>\n\t\t\t\t<\/div>\n\t\t\t\t<div class=\"elementor-element elementor-element-92097a3 elementor-widget elementor-widget-text-editor\" data-id=\"92097a3\" data-element_type=\"widget\" data-widget_type=\"text-editor.default\">\n\t\t\t\t<div class=\"elementor-widget-container\">\n\t\t\t\t\t\t\t\t\t<p><span style=\"font-weight: 400;\">La composition des acteurs de coh\u00e9sion sociale montre une attention port\u00e9e \u00e0 l\u2019inclusion : 33 % de femmes et 50 % de jeunes \u00e2g\u00e9s de 18 \u00e0 29 ans ont \u00e9t\u00e9 mobilis\u00e9s dans le dispositif.\u00a0<\/span><\/p><p><b>R\u00e9sultats concrets<\/b><\/p><p><span style=\"font-weight: 400;\">Le projet a permis d\u2019identifier des tendances importantes. Les attaques terroristes ont \u00e9t\u00e9 principalement enregistr\u00e9es dans l\u2019Alibori, avec 17 cas, suivies de l\u2019Atacora avec 4 cas. La criminalit\u00e9 violente a \u00e9t\u00e9 plus fortement observ\u00e9e dans l\u2019Atacora, avec 15 cas, puis dans l\u2019Alibori, le Borgou et la Donga. Les actes de radicalisation ont \u00e9t\u00e9 signal\u00e9s uniquement dans l\u2019Atacora et l\u2019Alibori.\u00a0<\/span><\/p><p><span style=\"font-weight: 400;\">Le monitoring a \u00e9galement mis en \u00e9vidence des enjeux transversaux : ins\u00e9curit\u00e9 des transports dans tous les d\u00e9partements, conflits entre agriculteurs et \u00e9leveurs, conflits domaniaux, ins\u00e9curit\u00e9 alimentaire et violences bas\u00e9es sur le genre. Ces donn\u00e9es permettent de mieux orienter les r\u00e9ponses publiques et communautaires, en tenant compte des r\u00e9alit\u00e9s propres \u00e0 chaque territoire.<\/span><\/p><p><img loading=\"lazy\" decoding=\"async\" class=\"aligncenter wp-image-939 size-full\" src=\"https:\/\/cape-ong.org\/wp-content\/uploads\/2026\/04\/Screenshot-from-2026-04-30-13-18-28.png\" alt=\"\" width=\"1002\" height=\"618\" srcset=\"https:\/\/cape-ong.org\/wp-content\/uploads\/2026\/04\/Screenshot-from-2026-04-30-13-18-28.png 1002w, https:\/\/cape-ong.org\/wp-content\/uploads\/2026\/04\/Screenshot-from-2026-04-30-13-18-28-300x185.png 300w, https:\/\/cape-ong.org\/wp-content\/uploads\/2026\/04\/Screenshot-from-2026-04-30-13-18-28-768x474.png 768w\" sizes=\"(max-width: 1002px) 100vw, 1002px\" \/><\/p><p><b>Une contribution \u00e0 la prise de d\u00e9cision<\/b><\/p><p><span style=\"font-weight: 400;\">L\u2019un des impacts majeurs du projet r\u00e9side dans la mise \u00e0 disposition d\u2019informations fiables aux d\u00e9cideurs. Les sessions de diss\u00e9mination ont permis de partager les r\u00e9sultats avec les autorit\u00e9s, les institutions, les forces de s\u00e9curit\u00e9, les leaders communautaires et les organisations de la soci\u00e9t\u00e9 civile. Cette d\u00e9marche favorise une r\u00e9ponse plus coordonn\u00e9e face aux risques d\u2019extr\u00e9misme violent.<\/span><\/p><p><span style=\"font-weight: 400;\">Le projet a \u00e9galement contribu\u00e9 \u00e0 renforcer la confiance et le dialogue entre acteurs locaux. En associant les communaut\u00e9s, les autorit\u00e9s et les partenaires, CAPE\/COSCEP a cr\u00e9\u00e9 un espace de discussion autour des causes profondes de l\u2019ins\u00e9curit\u00e9 et des solutions possibles.<\/span><\/p><p><b>Histoires ou exemples concrets<\/b><\/p><p><span style=\"font-weight: 400;\">Le rapport ne contient pas de t\u00e9moignage individuel direct. Cependant, il pr\u00e9sente plusieurs exemples concrets d\u2019action. La formation des 30 acteurs de coh\u00e9sion sociale \u00e0 Parakou, les six sessions de diss\u00e9mination organis\u00e9es dans les d\u00e9partements d\u2019intervention et la session finale de cl\u00f4ture \u00e0 Cotonou montrent la capacit\u00e9 de CAPE\/COSCEP \u00e0 transformer les donn\u00e9es collect\u00e9es en dialogue institutionnel et communautaire.\u00a0<\/span><\/p><p><span style=\"font-weight: 400;\">Un exemple particuli\u00e8rement parlant est la diss\u00e9mination organis\u00e9e \u00e0 Kandi le 23 f\u00e9vrier 2024, qui a permis de partager les donn\u00e9es du mois de janvier dans une zone directement concern\u00e9e par les enjeux s\u00e9curitaires. Ce type de rencontre rapproche les constats du terrain des acteurs capables de porter des r\u00e9ponses adapt\u00e9es.<\/span><\/p><p><b>D\u00e9fis rencontr\u00e9s<\/b><\/p><p><span style=\"font-weight: 400;\">Le rapport souligne plusieurs difficult\u00e9s rencontr\u00e9es pendant l\u2019ex\u00e9cution du projet. \u00c0 l\u2019interne, CAPE\/COSCEP a d\u00fb faire face \u00e0 des d\u00e9fis li\u00e9s aux canevas de r\u00e9daction des rapports hebdomadaires et mensuels, ainsi qu\u2019\u00e0 des ajustements m\u00e9thodologiques en cours de projet. \u00c0 l\u2019externe, les principales difficult\u00e9s concernaient la v\u00e9rification de certains incidents, l\u2019\u00e9tendue des communes couvertes et la r\u00e9ticence de certains acteurs \u00e0 fournir ou confirmer des informations.\u00a0<\/span><\/p><p><span style=\"font-weight: 400;\">Ces d\u00e9fis montrent la complexit\u00e9 du travail de monitoring dans des zones sensibles. Ils justifient \u00e9galement la n\u00e9cessit\u00e9 de renforcer le dispositif, notamment par l\u2019augmentation du nombre d\u2019acteurs de coh\u00e9sion sociale et par l\u2019\u00e9largissement g\u00e9ographique du projet.<\/span><\/p><p><b>Partenariats et collaboration<\/b><\/p><p><span style=\"font-weight: 400;\">Le projet a \u00e9t\u00e9 mis en \u0153uvre avec l\u2019appui du partenaire USAID\/IRI. Le rapport souligne la bonne coordination avec ce partenaire, ainsi que la contribution des forces de d\u00e9fense et de s\u00e9curit\u00e9, des autorit\u00e9s administratives et locales, des chefs religieux et traditionnels, des organisations de la soci\u00e9t\u00e9 civile et des populations.\u00a0<\/span><\/p><p><span style=\"font-weight: 400;\">Cette collaboration multi-acteurs constitue l\u2019un des points forts du projet. Elle montre que la pr\u00e9vention de l\u2019extr\u00e9misme violent ne peut reposer sur un seul acteur, mais n\u00e9cessite une synergie entre l\u2019\u00c9tat, les communaut\u00e9s, la soci\u00e9t\u00e9 civile et les partenaires techniques et financiers.<\/span><\/p><p><b>Perspectives et recommandations<\/b><\/p><p><span style=\"font-weight: 400;\">Au regard de la d\u00e9gradation de la situation s\u00e9curitaire dans certaines communes cibles, CAPE\/COSCEP recommande la poursuite du projet et son passage \u00e0 un programme triennal. L\u2019organisation propose \u00e9galement d\u2019augmenter le nombre d\u2019acteurs de coh\u00e9sion sociale, id\u00e9alement \u00e0 au moins un agent par arrondissement, et d\u2019\u00e9largir la zone d\u2019intervention \u00e0 d\u2019autres localit\u00e9s expos\u00e9es.\u00a0<\/span><\/p><p><span style=\"font-weight: 400;\">Ces recommandations sont strat\u00e9giques. Elles permettraient un meilleur suivi de l\u2019\u00e9volution des faits, une couverture territoriale plus fine et une capacit\u00e9 renforc\u00e9e de collecte, d\u2019analyse et d\u2019alerte pr\u00e9coce.<\/span><\/p><p><b>Conclusion : investir dans la pr\u00e9vention pour consolider la paix<\/b><\/p><p><span style=\"font-weight: 400;\">\u00c0 travers cette premi\u00e8re phase du projet de monitoring des menaces et incidents d\u2019extr\u00e9misme violent, CAPE\/COSCEP confirme son r\u00f4le d\u2019acteur national cr\u00e9dible dans la promotion de la paix, de la coh\u00e9sion sociale et de la veille citoyenne. Le projet a permis de mobiliser des acteurs locaux, de produire des donn\u00e9es utiles, de renforcer le dialogue entre parties prenantes et de formuler des recommandations adapt\u00e9es aux r\u00e9alit\u00e9s des territoires.<\/span><\/p><p><span style=\"font-weight: 400;\">Pour les institutions nationales, les organisations internationales et les partenaires techniques et financiers, cette initiative repr\u00e9sente une opportunit\u00e9 concr\u00e8te de soutenir une approche locale, inclusive et fond\u00e9e sur les donn\u00e9es. Renforcer ce type de projet, c\u2019est investir dans la pr\u00e9vention, la stabilit\u00e9 communautaire et la s\u00e9curit\u00e9 humaine.<\/span><\/p><p><span style=\"font-weight: 400;\">CAPE\/COSCEP reste ouvert \u00e0 la collaboration avec les partenaires engag\u00e9s pour la paix, la gouvernance d\u00e9mocratique, la coh\u00e9sion sociale et la protection des communaut\u00e9s vuln\u00e9rables au B\u00e9nin.<\/span><\/p>\t\t\t\t\t\t\t\t<\/div>\n\t\t\t\t<\/div>\n\t\t\t\t<div class=\"elementor-element elementor-element-eb48cd1 elementor-widget elementor-widget-elementskit-header-info\" data-id=\"eb48cd1\" data-element_type=\"widget\" data-widget_type=\"elementskit-header-info.default\">\n\t\t\t\t<div class=\"elementor-widget-container\">\n\t\t\t\t\t<div class=\"ekit-wid-con\" >        <ul class=\"ekit-header-info\">\n                                    <li>\n                            <a href=\"https:\/\/cape-ong.org\/wp-content\/uploads\/2026\/04\/CAPE-Rapport-Final-Phase-1-Prevention-et-Lutte-contre-lextremisme-violent.pdf\" target=\"_blank\" rel=\"nofollow\"> \n                                <svg aria-hidden=\"true\" class=\"e-font-icon-svg e-fas-download\" viewBox=\"0 0 512 512\" xmlns=\"http:\/\/www.w3.org\/2000\/svg\"><path d=\"M216 0h80c13.3 0 24 10.7 24 24v168h87.7c17.8 0 26.7 21.5 14.1 34.1L269.7 378.3c-7.5 7.5-19.8 7.5-27.3 0L90.1 226.1c-12.6-12.6-3.7-34.1 14.1-34.1H192V24c0-13.3 10.7-24 24-24zm296 376v112c0 13.3-10.7 24-24 24H24c-13.3 0-24-10.7-24-24V376c0-13.3 10.7-24 24-24h146.7l49 49c20.1 20.1 52.5 20.1 72.6 0l49-49H488c13.3 0 24 10.7 24 24zm-124 88c0-11-9-20-20-20s-20 9-20 20 9 20 20 20 20-9 20-20zm64 0c0-11-9-20-20-20s-20 9-20 20 9 20 20 20 20-9 20-20z\"><\/path><\/svg>                                CAPE Rapport Final Phase 1 Pr\u00e9vention et Lutte contre l&#039;extr\u00e9misme violent.pdf                            <\/a>\n                        <\/li>\n\n                            <\/ul>\n        <\/div>\t\t\t\t<\/div>\n\t\t\t\t<\/div>\n\t\t\t\t\t<\/div>\n\t\t\t\t<\/div>\n\t\t\t\t<\/div>\n\t\t","protected":false},"excerpt":{"rendered":"<p>Pr\u00e9venir l\u2019extr\u00e9misme violent au Nord du B\u00e9nin : CAPE\/COSCEP mise sur l\u2019alerte locale et la coh\u00e9sion sociale Dans un contexte r\u00e9gional marqu\u00e9 par la mont\u00e9e des menaces s\u00e9curitaires, la pr\u00e9vention de l\u2019extr\u00e9misme violent est devenue un enjeu majeur pour la paix, la coh\u00e9sion sociale et la stabilit\u00e9 des communaut\u00e9s au Nord du B\u00e9nin. Face \u00e0&#8230;<\/p>\n","protected":false},"author":1,"featured_media":926,"comment_status":"open","ping_status":"open","sticky":false,"template":"elementor_header_footer","format":"standard","meta":{"_uag_custom_page_level_css":"","_kad_post_transparent":"","_kad_post_title":"","_kad_post_layout":"","_kad_post_sidebar_id":"","_kad_post_content_style":"","_kad_post_vertical_padding":"","_kad_post_feature":"","_kad_post_feature_position":"","_kad_post_header":false,"_kad_post_footer":false,"_kad_post_classname":"","footnotes":""},"categories":[1],"tags":[],"class_list":["post-897","post","type-post","status-publish","format-standard","has-post-thumbnail","hentry","category-non-classe"],"yoast_head":"<!-- This site is optimized with the Yoast SEO plugin v24.5 - https:\/\/yoast.com\/wordpress\/plugins\/seo\/ -->\n<title>Pr\u00e9venir l\u2019extr\u00e9misme violent au Nord du B\u00e9nin : CAPE\/COSCEP mise sur l\u2019alerte locale et la coh\u00e9sion sociale - Cadre d&#039;Appui aux Processus \u00c9lectoraux<\/title>\n<meta name=\"robots\" content=\"index, follow, max-snippet:-1, max-image-preview:large, max-video-preview:-1\" \/>\n<link rel=\"canonical\" href=\"https:\/\/cape-ong.org\/index.php\/2026\/04\/30\/prevenir-lextremisme-violent-au-nord-du-benin-cape-coscep-mise-sur-lalerte-locale-et-la-cohesion-sociale\/\" \/>\n<meta property=\"og:locale\" content=\"fr_FR\" \/>\n<meta property=\"og:type\" content=\"article\" \/>\n<meta property=\"og:title\" content=\"Pr\u00e9venir l\u2019extr\u00e9misme violent au Nord du B\u00e9nin : CAPE\/COSCEP mise sur l\u2019alerte locale et la coh\u00e9sion sociale - Cadre d&#039;Appui aux Processus \u00c9lectoraux\" \/>\n<meta property=\"og:description\" content=\"Pr\u00e9venir l\u2019extr\u00e9misme violent au Nord du B\u00e9nin : CAPE\/COSCEP mise sur l\u2019alerte locale et la coh\u00e9sion sociale Dans un contexte r\u00e9gional marqu\u00e9 par la mont\u00e9e des menaces s\u00e9curitaires, la pr\u00e9vention de l\u2019extr\u00e9misme violent est devenue un enjeu majeur pour la paix, la coh\u00e9sion sociale et la stabilit\u00e9 des communaut\u00e9s au Nord du B\u00e9nin. Face \u00e0...\" \/>\n<meta property=\"og:url\" content=\"https:\/\/cape-ong.org\/index.php\/2026\/04\/30\/prevenir-lextremisme-violent-au-nord-du-benin-cape-coscep-mise-sur-lalerte-locale-et-la-cohesion-sociale\/\" \/>\n<meta property=\"og:site_name\" content=\"Cadre d&#039;Appui aux Processus \u00c9lectoraux\" \/>\n<meta property=\"article:published_time\" content=\"2026-04-30T11:59:15+00:00\" \/>\n<meta property=\"article:modified_time\" content=\"2026-04-30T12:54:57+00:00\" \/>\n<meta property=\"og:image\" content=\"https:\/\/cape-ong.org\/wp-content\/uploads\/2026\/04\/Carte-de-la-zone-de-deploiement-des-LTSM-1024x716.png\" \/>\n\t<meta property=\"og:image:width\" content=\"1024\" \/>\n\t<meta property=\"og:image:height\" content=\"716\" \/>\n\t<meta property=\"og:image:type\" content=\"image\/png\" \/>\n<meta name=\"author\" content=\"admin@cape-ong\" \/>\n<meta name=\"twitter:card\" content=\"summary_large_image\" \/>\n<meta name=\"twitter:label1\" content=\"\u00c9crit par\" \/>\n\t<meta name=\"twitter:data1\" content=\"admin@cape-ong\" \/>\n\t<meta name=\"twitter:label2\" content=\"Dur\u00e9e de lecture estim\u00e9e\" \/>\n\t<meta name=\"twitter:data2\" content=\"10 minutes\" \/>\n<script type=\"application\/ld+json\" class=\"yoast-schema-graph\">{\"@context\":\"https:\/\/schema.org\",\"@graph\":[{\"@type\":\"Article\",\"@id\":\"https:\/\/cape-ong.org\/index.php\/2026\/04\/30\/prevenir-lextremisme-violent-au-nord-du-benin-cape-coscep-mise-sur-lalerte-locale-et-la-cohesion-sociale\/#article\",\"isPartOf\":{\"@id\":\"https:\/\/cape-ong.org\/index.php\/2026\/04\/30\/prevenir-lextremisme-violent-au-nord-du-benin-cape-coscep-mise-sur-lalerte-locale-et-la-cohesion-sociale\/\"},\"author\":{\"name\":\"admin@cape-ong\",\"@id\":\"https:\/\/cape-ong.org\/#\/schema\/person\/faa337fccc94fe162ce8347a6d88378c\"},\"headline\":\"Pr\u00e9venir l\u2019extr\u00e9misme violent au Nord du B\u00e9nin : CAPE\/COSCEP mise sur l\u2019alerte locale et la coh\u00e9sion sociale\",\"datePublished\":\"2026-04-30T11:59:15+00:00\",\"dateModified\":\"2026-04-30T12:54:57+00:00\",\"mainEntityOfPage\":{\"@id\":\"https:\/\/cape-ong.org\/index.php\/2026\/04\/30\/prevenir-lextremisme-violent-au-nord-du-benin-cape-coscep-mise-sur-lalerte-locale-et-la-cohesion-sociale\/\"},\"wordCount\":2081,\"commentCount\":0,\"publisher\":{\"@id\":\"https:\/\/cape-ong.org\/#organization\"},\"image\":{\"@id\":\"https:\/\/cape-ong.org\/index.php\/2026\/04\/30\/prevenir-lextremisme-violent-au-nord-du-benin-cape-coscep-mise-sur-lalerte-locale-et-la-cohesion-sociale\/#primaryimage\"},\"thumbnailUrl\":\"https:\/\/cape-ong.org\/wp-content\/uploads\/2026\/04\/Carte-de-la-zone-de-deploiement-des-LTSM.png\",\"inLanguage\":\"fr-FR\",\"potentialAction\":[{\"@type\":\"CommentAction\",\"name\":\"Comment\",\"target\":[\"https:\/\/cape-ong.org\/index.php\/2026\/04\/30\/prevenir-lextremisme-violent-au-nord-du-benin-cape-coscep-mise-sur-lalerte-locale-et-la-cohesion-sociale\/#respond\"]}]},{\"@type\":\"WebPage\",\"@id\":\"https:\/\/cape-ong.org\/index.php\/2026\/04\/30\/prevenir-lextremisme-violent-au-nord-du-benin-cape-coscep-mise-sur-lalerte-locale-et-la-cohesion-sociale\/\",\"url\":\"https:\/\/cape-ong.org\/index.php\/2026\/04\/30\/prevenir-lextremisme-violent-au-nord-du-benin-cape-coscep-mise-sur-lalerte-locale-et-la-cohesion-sociale\/\",\"name\":\"Pr\u00e9venir l\u2019extr\u00e9misme violent au Nord du B\u00e9nin : CAPE\/COSCEP mise sur l\u2019alerte locale et la coh\u00e9sion sociale - Cadre d&#039;Appui aux Processus \u00c9lectoraux\",\"isPartOf\":{\"@id\":\"https:\/\/cape-ong.org\/#website\"},\"primaryImageOfPage\":{\"@id\":\"https:\/\/cape-ong.org\/index.php\/2026\/04\/30\/prevenir-lextremisme-violent-au-nord-du-benin-cape-coscep-mise-sur-lalerte-locale-et-la-cohesion-sociale\/#primaryimage\"},\"image\":{\"@id\":\"https:\/\/cape-ong.org\/index.php\/2026\/04\/30\/prevenir-lextremisme-violent-au-nord-du-benin-cape-coscep-mise-sur-lalerte-locale-et-la-cohesion-sociale\/#primaryimage\"},\"thumbnailUrl\":\"https:\/\/cape-ong.org\/wp-content\/uploads\/2026\/04\/Carte-de-la-zone-de-deploiement-des-LTSM.png\",\"datePublished\":\"2026-04-30T11:59:15+00:00\",\"dateModified\":\"2026-04-30T12:54:57+00:00\",\"breadcrumb\":{\"@id\":\"https:\/\/cape-ong.org\/index.php\/2026\/04\/30\/prevenir-lextremisme-violent-au-nord-du-benin-cape-coscep-mise-sur-lalerte-locale-et-la-cohesion-sociale\/#breadcrumb\"},\"inLanguage\":\"fr-FR\",\"potentialAction\":[{\"@type\":\"ReadAction\",\"target\":[\"https:\/\/cape-ong.org\/index.php\/2026\/04\/30\/prevenir-lextremisme-violent-au-nord-du-benin-cape-coscep-mise-sur-lalerte-locale-et-la-cohesion-sociale\/\"]}]},{\"@type\":\"ImageObject\",\"inLanguage\":\"fr-FR\",\"@id\":\"https:\/\/cape-ong.org\/index.php\/2026\/04\/30\/prevenir-lextremisme-violent-au-nord-du-benin-cape-coscep-mise-sur-lalerte-locale-et-la-cohesion-sociale\/#primaryimage\",\"url\":\"https:\/\/cape-ong.org\/wp-content\/uploads\/2026\/04\/Carte-de-la-zone-de-deploiement-des-LTSM.png\",\"contentUrl\":\"https:\/\/cape-ong.org\/wp-content\/uploads\/2026\/04\/Carte-de-la-zone-de-deploiement-des-LTSM.png\",\"width\":1600,\"height\":1119},{\"@type\":\"BreadcrumbList\",\"@id\":\"https:\/\/cape-ong.org\/index.php\/2026\/04\/30\/prevenir-lextremisme-violent-au-nord-du-benin-cape-coscep-mise-sur-lalerte-locale-et-la-cohesion-sociale\/#breadcrumb\",\"itemListElement\":[{\"@type\":\"ListItem\",\"position\":1,\"name\":\"Accueil\",\"item\":\"https:\/\/cape-ong.org\/\"},{\"@type\":\"ListItem\",\"position\":2,\"name\":\"Pr\u00e9venir l\u2019extr\u00e9misme violent au Nord du B\u00e9nin : CAPE\/COSCEP mise sur l\u2019alerte locale et la coh\u00e9sion sociale\"}]},{\"@type\":\"WebSite\",\"@id\":\"https:\/\/cape-ong.org\/#website\",\"url\":\"https:\/\/cape-ong.org\/\",\"name\":\"Cadre d&#039;Appui aux Processus \u00c9lectoraux\",\"description\":\"Bienvenue au Cadre d&#039;Appui aux Processus Electoraux\",\"publisher\":{\"@id\":\"https:\/\/cape-ong.org\/#organization\"},\"potentialAction\":[{\"@type\":\"SearchAction\",\"target\":{\"@type\":\"EntryPoint\",\"urlTemplate\":\"https:\/\/cape-ong.org\/?s={search_term_string}\"},\"query-input\":{\"@type\":\"PropertyValueSpecification\",\"valueRequired\":true,\"valueName\":\"search_term_string\"}}],\"inLanguage\":\"fr-FR\"},{\"@type\":\"Organization\",\"@id\":\"https:\/\/cape-ong.org\/#organization\",\"name\":\"Cadre d&#039;Appui aux Processus \u00c9lectoraux\",\"url\":\"https:\/\/cape-ong.org\/\",\"logo\":{\"@type\":\"ImageObject\",\"inLanguage\":\"fr-FR\",\"@id\":\"https:\/\/cape-ong.org\/#\/schema\/logo\/image\/\",\"url\":\"https:\/\/cape-ong.org\/wp-content\/uploads\/2026\/04\/cropped-logo-cape.jpeg\",\"contentUrl\":\"https:\/\/cape-ong.org\/wp-content\/uploads\/2026\/04\/cropped-logo-cape.jpeg\",\"width\":1248,\"height\":832,\"caption\":\"Cadre d&#039;Appui aux Processus \u00c9lectoraux\"},\"image\":{\"@id\":\"https:\/\/cape-ong.org\/#\/schema\/logo\/image\/\"}},{\"@type\":\"Person\",\"@id\":\"https:\/\/cape-ong.org\/#\/schema\/person\/faa337fccc94fe162ce8347a6d88378c\",\"name\":\"admin@cape-ong\",\"image\":{\"@type\":\"ImageObject\",\"inLanguage\":\"fr-FR\",\"@id\":\"https:\/\/cape-ong.org\/#\/schema\/person\/image\/\",\"url\":\"https:\/\/secure.gravatar.com\/avatar\/26c5664d79c053a7ac1be7150b83f2a67ba4ae13fc12884ae928be97985707aa?s=96&d=mm&r=g\",\"contentUrl\":\"https:\/\/secure.gravatar.com\/avatar\/26c5664d79c053a7ac1be7150b83f2a67ba4ae13fc12884ae928be97985707aa?s=96&d=mm&r=g\",\"caption\":\"admin@cape-ong\"},\"sameAs\":[\"https:\/\/cape-ong.org\"],\"url\":\"https:\/\/cape-ong.org\/index.php\/author\/admincape-ong\/\"}]}<\/script>\n<!-- \/ Yoast SEO plugin. -->","yoast_head_json":{"title":"Pr\u00e9venir l\u2019extr\u00e9misme violent au Nord du B\u00e9nin : CAPE\/COSCEP mise sur l\u2019alerte locale et la coh\u00e9sion sociale - Cadre d&#039;Appui aux Processus \u00c9lectoraux","robots":{"index":"index","follow":"follow","max-snippet":"max-snippet:-1","max-image-preview":"max-image-preview:large","max-video-preview":"max-video-preview:-1"},"canonical":"https:\/\/cape-ong.org\/index.php\/2026\/04\/30\/prevenir-lextremisme-violent-au-nord-du-benin-cape-coscep-mise-sur-lalerte-locale-et-la-cohesion-sociale\/","og_locale":"fr_FR","og_type":"article","og_title":"Pr\u00e9venir l\u2019extr\u00e9misme violent au Nord du B\u00e9nin : CAPE\/COSCEP mise sur l\u2019alerte locale et la coh\u00e9sion sociale - Cadre d&#039;Appui aux Processus \u00c9lectoraux","og_description":"Pr\u00e9venir l\u2019extr\u00e9misme violent au Nord du B\u00e9nin : CAPE\/COSCEP mise sur l\u2019alerte locale et la coh\u00e9sion sociale Dans un contexte r\u00e9gional marqu\u00e9 par la mont\u00e9e des menaces s\u00e9curitaires, la pr\u00e9vention de l\u2019extr\u00e9misme violent est devenue un enjeu majeur pour la paix, la coh\u00e9sion sociale et la stabilit\u00e9 des communaut\u00e9s au Nord du B\u00e9nin. Face \u00e0...","og_url":"https:\/\/cape-ong.org\/index.php\/2026\/04\/30\/prevenir-lextremisme-violent-au-nord-du-benin-cape-coscep-mise-sur-lalerte-locale-et-la-cohesion-sociale\/","og_site_name":"Cadre d&#039;Appui aux Processus \u00c9lectoraux","article_published_time":"2026-04-30T11:59:15+00:00","article_modified_time":"2026-04-30T12:54:57+00:00","og_image":[{"width":1024,"height":716,"url":"https:\/\/cape-ong.org\/wp-content\/uploads\/2026\/04\/Carte-de-la-zone-de-deploiement-des-LTSM-1024x716.png","type":"image\/png"}],"author":"admin@cape-ong","twitter_card":"summary_large_image","twitter_misc":{"\u00c9crit par":"admin@cape-ong","Dur\u00e9e de lecture estim\u00e9e":"10 minutes"},"schema":{"@context":"https:\/\/schema.org","@graph":[{"@type":"Article","@id":"https:\/\/cape-ong.org\/index.php\/2026\/04\/30\/prevenir-lextremisme-violent-au-nord-du-benin-cape-coscep-mise-sur-lalerte-locale-et-la-cohesion-sociale\/#article","isPartOf":{"@id":"https:\/\/cape-ong.org\/index.php\/2026\/04\/30\/prevenir-lextremisme-violent-au-nord-du-benin-cape-coscep-mise-sur-lalerte-locale-et-la-cohesion-sociale\/"},"author":{"name":"admin@cape-ong","@id":"https:\/\/cape-ong.org\/#\/schema\/person\/faa337fccc94fe162ce8347a6d88378c"},"headline":"Pr\u00e9venir l\u2019extr\u00e9misme violent au Nord du B\u00e9nin : CAPE\/COSCEP mise sur l\u2019alerte locale et la coh\u00e9sion sociale","datePublished":"2026-04-30T11:59:15+00:00","dateModified":"2026-04-30T12:54:57+00:00","mainEntityOfPage":{"@id":"https:\/\/cape-ong.org\/index.php\/2026\/04\/30\/prevenir-lextremisme-violent-au-nord-du-benin-cape-coscep-mise-sur-lalerte-locale-et-la-cohesion-sociale\/"},"wordCount":2081,"commentCount":0,"publisher":{"@id":"https:\/\/cape-ong.org\/#organization"},"image":{"@id":"https:\/\/cape-ong.org\/index.php\/2026\/04\/30\/prevenir-lextremisme-violent-au-nord-du-benin-cape-coscep-mise-sur-lalerte-locale-et-la-cohesion-sociale\/#primaryimage"},"thumbnailUrl":"https:\/\/cape-ong.org\/wp-content\/uploads\/2026\/04\/Carte-de-la-zone-de-deploiement-des-LTSM.png","inLanguage":"fr-FR","potentialAction":[{"@type":"CommentAction","name":"Comment","target":["https:\/\/cape-ong.org\/index.php\/2026\/04\/30\/prevenir-lextremisme-violent-au-nord-du-benin-cape-coscep-mise-sur-lalerte-locale-et-la-cohesion-sociale\/#respond"]}]},{"@type":"WebPage","@id":"https:\/\/cape-ong.org\/index.php\/2026\/04\/30\/prevenir-lextremisme-violent-au-nord-du-benin-cape-coscep-mise-sur-lalerte-locale-et-la-cohesion-sociale\/","url":"https:\/\/cape-ong.org\/index.php\/2026\/04\/30\/prevenir-lextremisme-violent-au-nord-du-benin-cape-coscep-mise-sur-lalerte-locale-et-la-cohesion-sociale\/","name":"Pr\u00e9venir l\u2019extr\u00e9misme violent au Nord du B\u00e9nin : CAPE\/COSCEP mise sur l\u2019alerte locale et la coh\u00e9sion sociale - Cadre d&#039;Appui aux Processus \u00c9lectoraux","isPartOf":{"@id":"https:\/\/cape-ong.org\/#website"},"primaryImageOfPage":{"@id":"https:\/\/cape-ong.org\/index.php\/2026\/04\/30\/prevenir-lextremisme-violent-au-nord-du-benin-cape-coscep-mise-sur-lalerte-locale-et-la-cohesion-sociale\/#primaryimage"},"image":{"@id":"https:\/\/cape-ong.org\/index.php\/2026\/04\/30\/prevenir-lextremisme-violent-au-nord-du-benin-cape-coscep-mise-sur-lalerte-locale-et-la-cohesion-sociale\/#primaryimage"},"thumbnailUrl":"https:\/\/cape-ong.org\/wp-content\/uploads\/2026\/04\/Carte-de-la-zone-de-deploiement-des-LTSM.png","datePublished":"2026-04-30T11:59:15+00:00","dateModified":"2026-04-30T12:54:57+00:00","breadcrumb":{"@id":"https:\/\/cape-ong.org\/index.php\/2026\/04\/30\/prevenir-lextremisme-violent-au-nord-du-benin-cape-coscep-mise-sur-lalerte-locale-et-la-cohesion-sociale\/#breadcrumb"},"inLanguage":"fr-FR","potentialAction":[{"@type":"ReadAction","target":["https:\/\/cape-ong.org\/index.php\/2026\/04\/30\/prevenir-lextremisme-violent-au-nord-du-benin-cape-coscep-mise-sur-lalerte-locale-et-la-cohesion-sociale\/"]}]},{"@type":"ImageObject","inLanguage":"fr-FR","@id":"https:\/\/cape-ong.org\/index.php\/2026\/04\/30\/prevenir-lextremisme-violent-au-nord-du-benin-cape-coscep-mise-sur-lalerte-locale-et-la-cohesion-sociale\/#primaryimage","url":"https:\/\/cape-ong.org\/wp-content\/uploads\/2026\/04\/Carte-de-la-zone-de-deploiement-des-LTSM.png","contentUrl":"https:\/\/cape-ong.org\/wp-content\/uploads\/2026\/04\/Carte-de-la-zone-de-deploiement-des-LTSM.png","width":1600,"height":1119},{"@type":"BreadcrumbList","@id":"https:\/\/cape-ong.org\/index.php\/2026\/04\/30\/prevenir-lextremisme-violent-au-nord-du-benin-cape-coscep-mise-sur-lalerte-locale-et-la-cohesion-sociale\/#breadcrumb","itemListElement":[{"@type":"ListItem","position":1,"name":"Accueil","item":"https:\/\/cape-ong.org\/"},{"@type":"ListItem","position":2,"name":"Pr\u00e9venir l\u2019extr\u00e9misme violent au Nord du B\u00e9nin : CAPE\/COSCEP mise sur l\u2019alerte locale et la coh\u00e9sion sociale"}]},{"@type":"WebSite","@id":"https:\/\/cape-ong.org\/#website","url":"https:\/\/cape-ong.org\/","name":"Cadre d&#039;Appui aux Processus \u00c9lectoraux","description":"Bienvenue au Cadre d&#039;Appui aux Processus Electoraux","publisher":{"@id":"https:\/\/cape-ong.org\/#organization"},"potentialAction":[{"@type":"SearchAction","target":{"@type":"EntryPoint","urlTemplate":"https:\/\/cape-ong.org\/?s={search_term_string}"},"query-input":{"@type":"PropertyValueSpecification","valueRequired":true,"valueName":"search_term_string"}}],"inLanguage":"fr-FR"},{"@type":"Organization","@id":"https:\/\/cape-ong.org\/#organization","name":"Cadre d&#039;Appui aux Processus \u00c9lectoraux","url":"https:\/\/cape-ong.org\/","logo":{"@type":"ImageObject","inLanguage":"fr-FR","@id":"https:\/\/cape-ong.org\/#\/schema\/logo\/image\/","url":"https:\/\/cape-ong.org\/wp-content\/uploads\/2026\/04\/cropped-logo-cape.jpeg","contentUrl":"https:\/\/cape-ong.org\/wp-content\/uploads\/2026\/04\/cropped-logo-cape.jpeg","width":1248,"height":832,"caption":"Cadre d&#039;Appui aux Processus \u00c9lectoraux"},"image":{"@id":"https:\/\/cape-ong.org\/#\/schema\/logo\/image\/"}},{"@type":"Person","@id":"https:\/\/cape-ong.org\/#\/schema\/person\/faa337fccc94fe162ce8347a6d88378c","name":"admin@cape-ong","image":{"@type":"ImageObject","inLanguage":"fr-FR","@id":"https:\/\/cape-ong.org\/#\/schema\/person\/image\/","url":"https:\/\/secure.gravatar.com\/avatar\/26c5664d79c053a7ac1be7150b83f2a67ba4ae13fc12884ae928be97985707aa?s=96&d=mm&r=g","contentUrl":"https:\/\/secure.gravatar.com\/avatar\/26c5664d79c053a7ac1be7150b83f2a67ba4ae13fc12884ae928be97985707aa?s=96&d=mm&r=g","caption":"admin@cape-ong"},"sameAs":["https:\/\/cape-ong.org"],"url":"https:\/\/cape-ong.org\/index.php\/author\/admincape-ong\/"}]}},"uagb_featured_image_src":{"full":["https:\/\/cape-ong.org\/wp-content\/uploads\/2026\/04\/Carte-de-la-zone-de-deploiement-des-LTSM.png",1600,1119,false],"thumbnail":["https:\/\/cape-ong.org\/wp-content\/uploads\/2026\/04\/Carte-de-la-zone-de-deploiement-des-LTSM-150x150.png",150,150,true],"medium":["https:\/\/cape-ong.org\/wp-content\/uploads\/2026\/04\/Carte-de-la-zone-de-deploiement-des-LTSM-300x210.png",300,210,true],"medium_large":["https:\/\/cape-ong.org\/wp-content\/uploads\/2026\/04\/Carte-de-la-zone-de-deploiement-des-LTSM-768x537.png",768,537,true],"large":["https:\/\/cape-ong.org\/wp-content\/uploads\/2026\/04\/Carte-de-la-zone-de-deploiement-des-LTSM-1024x716.png",1024,716,true],"1536x1536":["https:\/\/cape-ong.org\/wp-content\/uploads\/2026\/04\/Carte-de-la-zone-de-deploiement-des-LTSM-1536x1074.png",1536,1074,true],"2048x2048":["https:\/\/cape-ong.org\/wp-content\/uploads\/2026\/04\/Carte-de-la-zone-de-deploiement-des-LTSM.png",1600,1119,false]},"uagb_author_info":{"display_name":"admin@cape-ong","author_link":"https:\/\/cape-ong.org\/index.php\/author\/admincape-ong\/"},"uagb_comment_info":0,"uagb_excerpt":"Pr\u00e9venir l\u2019extr\u00e9misme violent au Nord du B\u00e9nin : CAPE\/COSCEP mise sur l\u2019alerte locale et la coh\u00e9sion sociale Dans un contexte r\u00e9gional marqu\u00e9 par la mont\u00e9e des menaces s\u00e9curitaires, la pr\u00e9vention de l\u2019extr\u00e9misme violent est devenue un enjeu majeur pour la paix, la coh\u00e9sion sociale et la stabilit\u00e9 des communaut\u00e9s au Nord du B\u00e9nin. Face \u00e0...","_links":{"self":[{"href":"https:\/\/cape-ong.org\/index.php\/wp-json\/wp\/v2\/posts\/897","targetHints":{"allow":["GET"]}}],"collection":[{"href":"https:\/\/cape-ong.org\/index.php\/wp-json\/wp\/v2\/posts"}],"about":[{"href":"https:\/\/cape-ong.org\/index.php\/wp-json\/wp\/v2\/types\/post"}],"author":[{"embeddable":true,"href":"https:\/\/cape-ong.org\/index.php\/wp-json\/wp\/v2\/users\/1"}],"replies":[{"embeddable":true,"href":"https:\/\/cape-ong.org\/index.php\/wp-json\/wp\/v2\/comments?post=897"}],"version-history":[{"count":49,"href":"https:\/\/cape-ong.org\/index.php\/wp-json\/wp\/v2\/posts\/897\/revisions"}],"predecessor-version":[{"id":991,"href":"https:\/\/cape-ong.org\/index.php\/wp-json\/wp\/v2\/posts\/897\/revisions\/991"}],"wp:featuredmedia":[{"embeddable":true,"href":"https:\/\/cape-ong.org\/index.php\/wp-json\/wp\/v2\/media\/926"}],"wp:attachment":[{"href":"https:\/\/cape-ong.org\/index.php\/wp-json\/wp\/v2\/media?parent=897"}],"wp:term":[{"taxonomy":"category","embeddable":true,"href":"https:\/\/cape-ong.org\/index.php\/wp-json\/wp\/v2\/categories?post=897"},{"taxonomy":"post_tag","embeddable":true,"href":"https:\/\/cape-ong.org\/index.php\/wp-json\/wp\/v2\/tags?post=897"}],"curies":[{"name":"wp","href":"https:\/\/api.w.org\/{rel}","templated":true}]}}