{"id":950,"date":"2026-04-30T14:23:18","date_gmt":"2026-04-30T12:23:18","guid":{"rendered":"https:\/\/cape-ong.org\/?p=950"},"modified":"2026-04-30T14:54:15","modified_gmt":"2026-04-30T12:54:15","slug":"prevenir-lextremisme-violent-au-nord-du-benin-lengagement-de-cape-coscep-pour-la-paix-et-la-cohesion-sociale","status":"publish","type":"post","link":"https:\/\/cape-ong.org\/index.php\/2026\/04\/30\/prevenir-lextremisme-violent-au-nord-du-benin-lengagement-de-cape-coscep-pour-la-paix-et-la-cohesion-sociale\/","title":{"rendered":"Pr\u00e9venir l\u2019extr\u00e9misme violent au Nord du B\u00e9nin : l\u2019engagement de CAPE\/COSCEP pour la paix et la coh\u00e9sion sociale"},"content":{"rendered":"\t\t<div data-elementor-type=\"wp-post\" data-elementor-id=\"950\" class=\"elementor elementor-950\">\n\t\t\t\t<div class=\"elementor-element elementor-element-c715716 e-flex e-con-boxed e-con e-parent\" data-id=\"c715716\" data-element_type=\"container\">\n\t\t\t\t\t<div class=\"e-con-inner\">\n\t\t\t\t<div class=\"elementor-element elementor-element-f09a251 elementor-widget elementor-widget-elementskit-heading\" data-id=\"f09a251\" data-element_type=\"widget\" data-widget_type=\"elementskit-heading.default\">\n\t\t\t\t<div class=\"elementor-widget-container\">\n\t\t\t\t\t<div class=\"ekit-wid-con\" ><div class=\"ekit-heading elementskit-section-title-wraper text_left   ekit_heading_tablet-   ekit_heading_mobile-\"><h2 class=\"ekit-heading--title elementskit-section-title \">Pr\u00e9venir l\u2019extr\u00e9misme violent au Nord du B\u00e9nin : l\u2019engagement de CAPE\/COSCEP pour la paix et la coh\u00e9sion sociale<\/h2><\/div><\/div>\t\t\t\t<\/div>\n\t\t\t\t<\/div>\n\t\t\t\t<div class=\"elementor-element elementor-element-9faa6b7 elementor-widget elementor-widget-text-editor\" data-id=\"9faa6b7\" data-element_type=\"widget\" data-widget_type=\"text-editor.default\">\n\t\t\t\t<div class=\"elementor-widget-container\">\n\t\t\t\t\t\t\t\t\t<p><span style=\"font-weight: 400;\">Face \u00e0 l\u2019\u00e9volution des menaces s\u00e9curitaires dans le Nord du B\u00e9nin, la pr\u00e9vention de l\u2019extr\u00e9misme violent exige des r\u00e9ponses coordonn\u00e9es, durables et ancr\u00e9es dans les r\u00e9alit\u00e9s locales. C\u2019est dans cette dynamique que le Cadre d\u2019Appui aux Processus \u00c9lectoraux \u2014 CAPE \u2014, en collaboration avec la Coalition des Organisations de la Soci\u00e9t\u00e9 Civile pour les \u00c9lections et la Paix \u2014 COSCEP \u2014, a conduit la deuxi\u00e8me phase du projet de monitoring des menaces et incidents li\u00e9s \u00e0 l\u2019extr\u00e9misme violent.<\/span><\/p><p><span style=\"font-weight: 400;\">Mis en \u0153uvre du 9 ao\u00fbt au 30 novembre 2024, ce projet s\u2019inscrit dans la continuit\u00e9 des actions de CAPE\/COSCEP pour promouvoir la paix, la coh\u00e9sion sociale, la tranquillit\u00e9 des communaut\u00e9s et la r\u00e9silience des populations dans les d\u00e9partements du Nord du B\u00e9nin.\u00a0<\/span><\/p><p><img fetchpriority=\"high\" decoding=\"async\" class=\"aligncenter wp-image-974 size-full\" src=\"https:\/\/cape-ong.org\/wp-content\/uploads\/2026\/04\/las.png\" alt=\"\" width=\"992\" height=\"744\" srcset=\"https:\/\/cape-ong.org\/wp-content\/uploads\/2026\/04\/las.png 992w, https:\/\/cape-ong.org\/wp-content\/uploads\/2026\/04\/las-300x225.png 300w, https:\/\/cape-ong.org\/wp-content\/uploads\/2026\/04\/las-768x576.png 768w\" sizes=\"(max-width: 992px) 100vw, 992px\" \/><\/p><p><b>Contexte : une menace \u00e9volutive qui appelle une r\u00e9ponse locale et structur\u00e9e<\/b><\/p><p><span style=\"font-weight: 400;\">Le rapport final souligne que la reconduction du projet fait suite aux r\u00e9sultats obtenus lors de la premi\u00e8re phase et \u00e0 la n\u00e9cessit\u00e9 de poursuivre l\u2019action face au caract\u00e8re changeant de l\u2019extr\u00e9misme violent au B\u00e9nin. L\u2019objectif est clair : contribuer \u00e0 la pr\u00e9vention et \u00e0 la lutte contre cette menace \u00e0 travers un m\u00e9canisme de suivi des incidents, d\u2019analyse des donn\u00e9es et de formulation de recommandations pratiques \u00e0 l\u2019endroit des acteurs impliqu\u00e9s.\u00a0<\/span><\/p><p><span style=\"font-weight: 400;\">Dans un contexte o\u00f9 les dynamiques s\u00e9curitaires touchent directement les communaut\u00e9s, CAPE\/COSCEP a choisi une approche fond\u00e9e sur l\u2019observation locale, la collecte r\u00e9guli\u00e8re d\u2019informations, le dialogue avec les autorit\u00e9s et la diss\u00e9mination des r\u00e9sultats aupr\u00e8s des d\u00e9cideurs.<\/span><\/p>\t\t\t\t\t\t\t\t<\/div>\n\t\t\t\t<\/div>\n\t\t\t\t<div class=\"elementor-element elementor-element-c445eb9 elementor-widget elementor-widget-text-editor\" data-id=\"c445eb9\" data-element_type=\"widget\" data-widget_type=\"text-editor.default\">\n\t\t\t\t<div class=\"elementor-widget-container\">\n\t\t\t\t\t\t\t\t\t<p><span style=\"font-weight: 400;\">L\u2019objectif global du projet \u00e9tait de contribuer \u00e0 la promotion de la paix, de la tranquillit\u00e9 et de la coh\u00e9sion sociale dans les d\u00e9partements du Nord du B\u00e9nin. Trois objectifs sp\u00e9cifiques ont guid\u00e9 l\u2019action : renforcer les m\u00e9canismes locaux de dialogue et de pr\u00e9vention des conflits, consolider la r\u00e9silience socio-\u00e9conomique des populations dans les zones cibl\u00e9es et r\u00e9duire la perception de l\u2019ins\u00e9curit\u00e9 dans ces localit\u00e9s.\u00a0<\/span><\/p><p><b>Une d\u00e9marche m\u00e9thodologique ancr\u00e9e dans les communaut\u00e9s<\/b><\/p><p><span style=\"font-weight: 400;\">Pour cette deuxi\u00e8me phase, CAPE\/COSCEP a reconduit 30 acteurs de coh\u00e9sion sociale, \u00e0 raison d\u2019un acteur par commune d\u2019intervention. Ces acteurs ont \u00e9t\u00e9 mobilis\u00e9s sur la p\u00e9riode du 9 ao\u00fbt au 1er novembre 2024 pour collecter chaque semaine des informations li\u00e9es \u00e0 la coh\u00e9sion sociale et aux incidents observ\u00e9s dans leurs localit\u00e9s.\u00a0<\/span><\/p><p><span style=\"font-weight: 400;\">La collecte des donn\u00e9es s\u2019est appuy\u00e9e sur quatre formulaires ciblant diff\u00e9rents groupes : les individus, les autorit\u00e9s politico-administratives, les Forces de d\u00e9fense et de s\u00e9curit\u00e9, ainsi que les organisations de la soci\u00e9t\u00e9 civile. Les donn\u00e9es ont ensuite \u00e9t\u00e9 transmises via Microsoft Forms \u00e0 un centre de compilation compos\u00e9 de trois profils compl\u00e9mentaires : un \u00e9conomiste, un sociologue et un historien-g\u00e9ographe.\u00a0<\/span><\/p><p><span style=\"font-weight: 400;\">Cette organisation a permis de produire des rapports hebdomadaires, puis des rapports mensuels, int\u00e9grant une analyse g\u00e9n\u00e9rale des incidents, une lecture par d\u00e9partement et des recommandations adress\u00e9es aux acteurs impliqu\u00e9s dans la pr\u00e9vention de l\u2019extr\u00e9misme violent.\u00a0<\/span><\/p><p><b>Zones d\u2019intervention<\/b><\/p><p><span style=\"font-weight: 400;\">Le projet a couvert cinq d\u00e9partements du Nord et du Centre-Nord du B\u00e9nin :<\/span><\/p>\t\t\t\t\t\t\t\t<\/div>\n\t\t\t\t<\/div>\n\t\t\t\t<div class=\"elementor-element elementor-element-416b4a0 elementor-widget elementor-widget-html\" data-id=\"416b4a0\" data-element_type=\"widget\" data-widget_type=\"html.default\">\n\t\t\t\t<div class=\"elementor-widget-container\">\n\t\t\t\t\t<table border=\"1\" cellpadding=\"8\" cellspacing=\"0\">\n    <thead>\n        <tr>\n            <th>D\u00e9partement<\/th>\n            <th>Nombre d\u2019incidents recens\u00e9s<\/th>\n        <\/tr>\n    <\/thead>\n    <tbody>\n        <tr>\n            <td>Atacora<\/td>\n            <td>35<\/td>\n        <\/tr>\n        <tr>\n            <td>Borgou<\/td>\n            <td>28<\/td>\n        <\/tr>\n        <tr>\n            <td>Alibori<\/td>\n            <td>19<\/td>\n        <\/tr>\n        <tr>\n            <td>Donga<\/td>\n            <td>12<\/td>\n        <\/tr>\n        <tr>\n            <td>Collines<\/td>\n            <td>6<\/td>\n        <\/tr>\n        <tr>\n            <td><strong>Total<\/strong><\/td>\n            <td><strong>100<\/strong><\/td>\n        <\/tr>\n    <\/tbody>\n<\/table>\t\t\t\t<\/div>\n\t\t\t\t<\/div>\n\t\t\t\t<div class=\"elementor-element elementor-element-cf031df elementor-widget elementor-widget-text-editor\" data-id=\"cf031df\" data-element_type=\"widget\" data-widget_type=\"text-editor.default\">\n\t\t\t\t<div class=\"elementor-widget-container\">\n\t\t\t\t\t\t\t\t\t<p><span style=\"font-weight: 400;\">Au total, 100 incidents ont \u00e9t\u00e9 recens\u00e9s entre le 9 ao\u00fbt et le 30 novembre 2024 dans la zone couverte par le projet. L\u2019Atacora concentre le plus grand nombre d\u2019incidents, suivi du Borgou, de l\u2019Alibori, de la Donga et des Collines.\u00a0<\/span><\/p><p><b>Pr\u00e9sentation des activit\u00e9s principales<\/b><\/p><ol><li><b> Monitoring communautaire des incidents<\/b><\/li><\/ol><p><span style=\"font-weight: 400;\">Le c\u0153ur du projet repose sur la collecte r\u00e9guli\u00e8re d\u2019informations au niveau local. Les acteurs de coh\u00e9sion sociale ont document\u00e9 les menaces, incidents et dynamiques susceptibles d\u2019affecter la paix et la coh\u00e9sion sociale.<\/span><\/p><p><span style=\"font-weight: 400;\">Les donn\u00e9es collect\u00e9es ont permis d\u2019identifier plusieurs cat\u00e9gories d\u2019incidents, notamment la criminalit\u00e9 violente, les attaques terroristes, les conflits entre agriculteurs et \u00e9leveurs, l\u2019ins\u00e9curit\u00e9 des transports, les violences bas\u00e9es sur le genre et d\u2019autres incidents locaux.\u00a0<\/span><\/p><ol start=\"2\"><li><b> Analyse et production de rapports<\/b><\/li><\/ol><p><span style=\"font-weight: 400;\">Les informations collect\u00e9es sur le terrain ont \u00e9t\u00e9 analys\u00e9es par une \u00e9quipe technique pluridisciplinaire. Les donn\u00e9es quantitatives ont \u00e9t\u00e9 trait\u00e9es avec Excel, tandis que les donn\u00e9es qualitatives ont fait l\u2019objet d\u2019une analyse de contenu. Cette d\u00e9marche a permis de produire des graphiques, tableaux et rapports mensuels destin\u00e9s \u00e0 \u00e9clairer la prise de d\u00e9cision.\u00a0<\/span><\/p><ol start=\"3\"><li><b> Diss\u00e9mination des r\u00e9sultats aupr\u00e8s des d\u00e9cideurs<\/b><\/li><\/ol><p><span style=\"font-weight: 400;\">CAPE\/COSCEP a organis\u00e9 deux sessions de diss\u00e9mination des r\u00e9sultats afin de partager les informations collect\u00e9es avec les d\u00e9cideurs et acteurs locaux. La premi\u00e8re session s\u2019est tenue le 14 septembre 2024 \u00e0 Parakou, dans le d\u00e9partement du Borgou, et la deuxi\u00e8me le 25 octobre 2024 \u00e0 Natitingou, dans l\u2019Atacora.\u00a0<\/span><\/p><p><span style=\"font-weight: 400;\">Ces rencontres ont permis de confronter les r\u00e9sultats du projet aux r\u00e9alit\u00e9s v\u00e9cues par les autorit\u00e9s, les leaders religieux, les chefs traditionnels, les forces de d\u00e9fense et de s\u00e9curit\u00e9, les organisations de la soci\u00e9t\u00e9 civile et les partenaires. Elles ont \u00e9galement favoris\u00e9 la coordination des efforts et la formulation de r\u00e9ponses adapt\u00e9es aux communaut\u00e9s concern\u00e9es.\u00a0<\/span><\/p><ol start=\"4\"><li><b> Suivi de la prise en compte des recommandations<\/b><\/li><\/ol><p><span style=\"font-weight: 400;\">Au-del\u00e0 de la collecte et de la diffusion des informations, CAPE\/COSCEP a mis en place une base r\u00e9f\u00e9rentielle et un m\u00e9canisme de suivi-\u00e9valuation de la prise en compte des recommandations par les acteurs concern\u00e9s. Cette approche renforce la redevabilit\u00e9 et permet d\u2019ajuster les strat\u00e9gies au fil du temps.\u00a0<\/span><\/p><p><b>R\u00e9sultats et impact<\/b><\/p><p><b>Chiffres cl\u00e9s<\/b><\/p><p><img decoding=\"async\" class=\"aligncenter wp-image-978 size-full\" src=\"https:\/\/cape-ong.org\/wp-content\/uploads\/2026\/04\/Screenshot-from-2026-04-30-13-34-42.png\" alt=\"\" width=\"725\" height=\"418\" srcset=\"https:\/\/cape-ong.org\/wp-content\/uploads\/2026\/04\/Screenshot-from-2026-04-30-13-34-42.png 725w, https:\/\/cape-ong.org\/wp-content\/uploads\/2026\/04\/Screenshot-from-2026-04-30-13-34-42-300x173.png 300w\" sizes=\"(max-width: 725px) 100vw, 725px\" \/><\/p>\t\t\t\t\t\t\t\t<\/div>\n\t\t\t\t<\/div>\n\t\t\t\t<div class=\"elementor-element elementor-element-5f1bd27 elementor-widget elementor-widget-html\" data-id=\"5f1bd27\" data-element_type=\"widget\" data-widget_type=\"html.default\">\n\t\t\t\t<div class=\"elementor-widget-container\">\n\t\t\t\t\t<table border=\"1\" cellpadding=\"8\" cellspacing=\"0\">\n    <thead>\n        <tr>\n            <th>Indicateur<\/th>\n            <th>R\u00e9sultat<\/th>\n        <\/tr>\n    <\/thead>\n    <tbody>\n        <tr>\n            <td>P\u00e9riode de mise en \u0153uvre<\/td>\n            <td>9 ao\u00fbt \u2013 30 novembre 2024<\/td>\n        <\/tr>\n        <tr>\n            <td>Acteurs de coh\u00e9sion sociale mobilis\u00e9s<\/td>\n            <td>30<\/td>\n        <\/tr>\n        <tr>\n            <td>Femmes parmi les acteurs de coh\u00e9sion sociale<\/td>\n            <td>33 %<\/td>\n        <\/tr>\n        <tr>\n            <td>Hommes parmi les acteurs de coh\u00e9sion sociale<\/td>\n            <td>67 %<\/td>\n        <\/tr>\n        <tr>\n            <td>Acteurs \u00e2g\u00e9s de 18 \u00e0 29 ans<\/td>\n            <td>50 %<\/td>\n        <\/tr>\n        <tr>\n            <td>Incidents recens\u00e9s<\/td>\n            <td>100<\/td>\n        <\/tr>\n        <tr>\n            <td>D\u00e9partements couverts<\/td>\n            <td>5<\/td>\n        <\/tr>\n        <tr>\n            <td>Sessions de diss\u00e9mination organis\u00e9es<\/td>\n            <td>2<\/td>\n        <\/tr>\n        <tr>\n            <td>Session finale de cl\u00f4ture<\/td>\n            <td>13 d\u00e9cembre 2024<\/td>\n        <\/tr>\n    <\/tbody>\n<\/table>\t\t\t\t<\/div>\n\t\t\t\t<\/div>\n\t\t\t\t<div class=\"elementor-element elementor-element-68a196b elementor-widget elementor-widget-text-editor\" data-id=\"68a196b\" data-element_type=\"widget\" data-widget_type=\"text-editor.default\">\n\t\t\t\t<div class=\"elementor-widget-container\">\n\t\t\t\t\t\t\t\t\t<p><span style=\"font-weight: 400;\">La composition des acteurs de coh\u00e9sion sociale montre une attention port\u00e9e \u00e0 la participation des femmes et des jeunes : 33 % des acteurs \u00e9taient des femmes et 50 % avaient entre 18 et 29 ans.\u00a0<\/span><\/p><p><b>Principaux r\u00e9sultats observ\u00e9s<\/b><\/p><p><span style=\"font-weight: 400;\">La criminalit\u00e9 violente appara\u00eet comme l\u2019une des cat\u00e9gories les plus importantes parmi les incidents recens\u00e9s, avec 33 cas sur 100. Les attaques terroristes, quant \u00e0 elles, ont \u00e9t\u00e9 exclusivement enregistr\u00e9es dans le d\u00e9partement de l\u2019Alibori, avec 5 cas. Les conflits entre agriculteurs et \u00e9leveurs ont \u00e9t\u00e9 principalement observ\u00e9s dans l\u2019Atacora, tandis que l\u2019ins\u00e9curit\u00e9 des transports a \u00e9t\u00e9 relev\u00e9e dans la Donga et l\u2019Alibori.\u00a0<\/span><\/p><p><span style=\"font-weight: 400;\">Ces r\u00e9sultats offrent aux autorit\u00e9s et partenaires une lecture territorialis\u00e9e des risques. Ils permettent de mieux cibler les interventions, d\u2019adapter les actions de pr\u00e9vention et d\u2019orienter les ressources vers les localit\u00e9s les plus expos\u00e9es.<\/span><\/p><p><b>Un impact sur la coordination et la d\u00e9cision<\/b><\/p><p><span style=\"font-weight: 400;\">Le projet a contribu\u00e9 \u00e0 renforcer le dialogue entre les acteurs locaux et nationaux. Lors des sessions de diss\u00e9mination, les participants ont confirm\u00e9 certaines informations pr\u00e9sent\u00e9es et ont soulign\u00e9 l\u2019importance de poursuivre le projet, compte tenu de la persistance du ph\u00e9nom\u00e8ne dans leurs localit\u00e9s.\u00a0<\/span><\/p><p><span style=\"font-weight: 400;\">La session finale de cl\u00f4ture, tenue le 13 d\u00e9cembre 2024 \u00e0 Cotonou, a r\u00e9uni des repr\u00e9sentants d\u2019institutions nationales, de l\u2019USAID, de l\u2019IRI, du minist\u00e8re de l\u2019Int\u00e9rieur et de la S\u00e9curit\u00e9 publique, des pr\u00e9fectures, des repr\u00e9sentations diplomatiques, des forces de d\u00e9fense et de s\u00e9curit\u00e9, des autorit\u00e9s locales, des chefs religieux et traditionnels, des partis politiques et des organisations de la soci\u00e9t\u00e9 civile.\u00a0<\/span><\/p><p><span style=\"font-weight: 400;\">Cette diversit\u00e9 d\u2019acteurs confirme la port\u00e9e institutionnelle du projet et son potentiel \u00e0 cr\u00e9er des synergies durables pour la pr\u00e9vention de l\u2019extr\u00e9misme violent.<\/span><\/p><p><b>D\u00e9fis rencontr\u00e9s<\/b><\/p><p><span style=\"font-weight: 400;\">Comme tout projet de terrain dans un contexte sensible, cette deuxi\u00e8me phase a rencontr\u00e9 plusieurs d\u00e9fis. Le rapport mentionne notamment les difficult\u00e9s de v\u00e9rification de certains incidents, la r\u00e9ticence de certains acteurs \u00e0 fournir ou confirmer des informations, la mauvaise qualit\u00e9 du r\u00e9seau GSM dans certaines zones et les limites budg\u00e9taires pour renforcer le nombre d\u2019acteurs de coh\u00e9sion sociale dans les d\u00e9partements les plus expos\u00e9s.\u00a0<\/span><\/p><p><span style=\"font-weight: 400;\">Ces difficult\u00e9s ne diminuent pas la valeur du projet. Au contraire, elles montrent la complexit\u00e9 du travail de monitoring dans les zones \u00e0 risque et soulignent la n\u00e9cessit\u00e9 d\u2019un appui durable pour renforcer la couverture, la s\u00e9curit\u00e9, la qualit\u00e9 des donn\u00e9es et la capacit\u00e9 d\u2019intervention.<\/span><\/p><p><b>Succ\u00e8s du projet<\/b><\/p><p><span style=\"font-weight: 400;\">Malgr\u00e9 ces contraintes, CAPE\/COSCEP a atteint les objectifs du projet dans le temps pr\u00e9vu. Le rapport met \u00e9galement en avant la grande mobilisation lors des sessions de diss\u00e9mination, la bonne coordination de l\u2019\u00e9quipe, la volont\u00e9 des acteurs de coh\u00e9sion sociale de contribuer \u00e0 la r\u00e9ussite du projet et la qualit\u00e9 de la collaboration avec le partenaire USAID\/IRI.\u00a0<\/span><\/p><p><span style=\"font-weight: 400;\">Ces succ\u00e8s d\u00e9montrent la capacit\u00e9 de CAPE\/COSCEP \u00e0 g\u00e9rer des projets sensibles, \u00e0 mobiliser des acteurs vari\u00e9s et \u00e0 produire des informations utiles \u00e0 l\u2019action publique et communautaire.<\/span><\/p><p><b>Partenariats et collaboration<\/b><\/p><p><span style=\"font-weight: 400;\">Le projet a b\u00e9n\u00e9fici\u00e9 du soutien de l\u2019USAID \u00e0 travers l\u2019Institut R\u00e9publicain International \u2014 IRI. Ce partenariat a permis de renforcer les capacit\u00e9s de CAPE\/COSCEP dans la collecte, l\u2019analyse et la diss\u00e9mination d\u2019informations strat\u00e9giques sur la pr\u00e9vention de l\u2019extr\u00e9misme violent.\u00a0<\/span><\/p><p><span style=\"font-weight: 400;\">CAPE\/COSCEP remercie \u00e9galement les forces de d\u00e9fense et de s\u00e9curit\u00e9, les autorit\u00e9s administratives et locales, les chefs religieux et traditionnels, les organisations de la soci\u00e9t\u00e9 civile ainsi que les populations ayant contribu\u00e9 \u00e0 la r\u00e9ussite du projet.\u00a0<\/span><\/p><p><b>Perspectives : vers une approche durable et multidimensionnelle<\/b><\/p><p><span style=\"font-weight: 400;\">Le rapport recommande une approche multidimensionnelle pour lutter contre l\u2019extr\u00e9misme violent au Nord du B\u00e9nin. Les recommandations portent notamment sur le renforcement r\u00e9gulier des capacit\u00e9s des forces de d\u00e9fense et de s\u00e9curit\u00e9, le d\u00e9veloppement socio-\u00e9conomique des zones touch\u00e9es, la lutte contre la radicalisation et la d\u00e9sinformation, le renforcement de la gouvernance et de l\u2019\u00c9tat de droit, ainsi que la protection des civils.\u00a0<\/span><\/p><p><span style=\"font-weight: 400;\">CAPE\/COSCEP estime que le projet ne devrait pas s\u2019arr\u00eater \u00e0 cette deuxi\u00e8me phase, car le ph\u00e9nom\u00e8ne reste pr\u00e9sent et continue de prendre de nouvelles formes. L\u2019organisation souligne \u00e9galement l\u2019importance de mettre en place un m\u00e9canisme de monitoring des violences en p\u00e9riode \u00e9lectorale, notamment dans le contexte des prochaines \u00e9ch\u00e9ances au B\u00e9nin.\u00a0<\/span><\/p><p><b>Conclusion : soutenir les initiatives locales pour b\u00e2tir une paix durable<\/b><\/p><p><span style=\"font-weight: 400;\">\u00c0 travers cette deuxi\u00e8me phase du projet PCVE, CAPE\/COSCEP confirme son r\u00f4le d\u2019acteur national cr\u00e9dible dans la pr\u00e9vention des conflits, la promotion de la paix et le renforcement de la coh\u00e9sion sociale. En mobilisant des acteurs locaux, en produisant des donn\u00e9es utiles et en cr\u00e9ant des espaces de dialogue avec les autorit\u00e9s et partenaires, l\u2019organisation contribue \u00e0 une meilleure compr\u00e9hension des menaces et \u00e0 la construction de r\u00e9ponses adapt\u00e9es.<\/span><\/p><p><span style=\"font-weight: 400;\">Pour les institutions nationales, les organisations internationales et les partenaires techniques et financiers, ce projet repr\u00e9sente une opportunit\u00e9 concr\u00e8te de soutenir une approche locale, inclusive et fond\u00e9e sur des donn\u00e9es. Investir dans ce type d\u2019initiative, c\u2019est renforcer la pr\u00e9vention, consolider la confiance entre l\u2019\u00c9tat et les communaut\u00e9s, et contribuer \u00e0 une paix durable au Nord du B\u00e9nin.<\/span><\/p><p><span style=\"font-weight: 400;\">CAPE\/COSCEP reste ouvert \u00e0 de nouvelles collaborations pour \u00e9largir, consolider et p\u00e9renniser ses actions en faveur de la paix, de la coh\u00e9sion sociale, de la gouvernance d\u00e9mocratique et de la s\u00e9curit\u00e9 humaine.<\/span><\/p>\t\t\t\t\t\t\t\t<\/div>\n\t\t\t\t<\/div>\n\t\t\t\t<div class=\"elementor-element elementor-element-a745967 elementor-widget elementor-widget-elementskit-header-info\" data-id=\"a745967\" data-element_type=\"widget\" data-widget_type=\"elementskit-header-info.default\">\n\t\t\t\t<div class=\"elementor-widget-container\">\n\t\t\t\t\t<div class=\"ekit-wid-con\" >        <ul class=\"ekit-header-info\">\n                                    <li>\n                            <a href=\"https:\/\/cape-ong.org\/wp-content\/uploads\/2026\/04\/CAPE-Rapport-final-phase-2-Prevention-et-Lutte-contre-lextremisme-violent.pdf\" target=\"_blank\" rel=\"nofollow\"> \n                                <svg aria-hidden=\"true\" class=\"e-font-icon-svg e-fas-download\" viewBox=\"0 0 512 512\" xmlns=\"http:\/\/www.w3.org\/2000\/svg\"><path d=\"M216 0h80c13.3 0 24 10.7 24 24v168h87.7c17.8 0 26.7 21.5 14.1 34.1L269.7 378.3c-7.5 7.5-19.8 7.5-27.3 0L90.1 226.1c-12.6-12.6-3.7-34.1 14.1-34.1H192V24c0-13.3 10.7-24 24-24zm296 376v112c0 13.3-10.7 24-24 24H24c-13.3 0-24-10.7-24-24V376c0-13.3 10.7-24 24-24h146.7l49 49c20.1 20.1 52.5 20.1 72.6 0l49-49H488c13.3 0 24 10.7 24 24zm-124 88c0-11-9-20-20-20s-20 9-20 20 9 20 20 20 20-9 20-20zm64 0c0-11-9-20-20-20s-20 9-20 20 9 20 20 20 20-9 20-20z\"><\/path><\/svg>                                CAPE Rapport final phase 2 Pr\u00e9vention et Lutte contre l&#039;extr\u00e9misme violent.pdf                            <\/a>\n                        <\/li>\n\n                            <\/ul>\n        <\/div>\t\t\t\t<\/div>\n\t\t\t\t<\/div>\n\t\t\t\t\t<\/div>\n\t\t\t\t<\/div>\n\t\t\t\t<\/div>\n\t\t","protected":false},"excerpt":{"rendered":"<p>Pr\u00e9venir l\u2019extr\u00e9misme violent au Nord du B\u00e9nin : l\u2019engagement de CAPE\/COSCEP pour la paix et la coh\u00e9sion sociale Face \u00e0 l\u2019\u00e9volution des menaces s\u00e9curitaires dans le Nord du B\u00e9nin, la pr\u00e9vention de l\u2019extr\u00e9misme violent exige des r\u00e9ponses coordonn\u00e9es, durables et ancr\u00e9es dans les r\u00e9alit\u00e9s locales. C\u2019est dans cette dynamique que le Cadre d\u2019Appui aux Processus&#8230;<\/p>\n","protected":false},"author":1,"featured_media":974,"comment_status":"open","ping_status":"open","sticky":false,"template":"elementor_header_footer","format":"standard","meta":{"_uag_custom_page_level_css":"","_kad_post_transparent":"","_kad_post_title":"","_kad_post_layout":"","_kad_post_sidebar_id":"","_kad_post_content_style":"","_kad_post_vertical_padding":"","_kad_post_feature":"","_kad_post_feature_position":"","_kad_post_header":false,"_kad_post_footer":false,"_kad_post_classname":"","footnotes":""},"categories":[1],"tags":[],"class_list":["post-950","post","type-post","status-publish","format-standard","has-post-thumbnail","hentry","category-non-classe"],"yoast_head":"<!-- This site is optimized with the Yoast SEO plugin v24.5 - https:\/\/yoast.com\/wordpress\/plugins\/seo\/ -->\n<title>Pr\u00e9venir l\u2019extr\u00e9misme violent au Nord du B\u00e9nin : l\u2019engagement de CAPE\/COSCEP pour la paix et la coh\u00e9sion sociale - Cadre d&#039;Appui aux Processus \u00c9lectoraux<\/title>\n<meta name=\"robots\" content=\"index, follow, max-snippet:-1, max-image-preview:large, max-video-preview:-1\" \/>\n<link rel=\"canonical\" href=\"https:\/\/cape-ong.org\/index.php\/2026\/04\/30\/prevenir-lextremisme-violent-au-nord-du-benin-lengagement-de-cape-coscep-pour-la-paix-et-la-cohesion-sociale\/\" \/>\n<meta property=\"og:locale\" content=\"fr_FR\" \/>\n<meta property=\"og:type\" content=\"article\" \/>\n<meta property=\"og:title\" content=\"Pr\u00e9venir l\u2019extr\u00e9misme violent au Nord du B\u00e9nin : l\u2019engagement de CAPE\/COSCEP pour la paix et la coh\u00e9sion sociale - Cadre d&#039;Appui aux Processus \u00c9lectoraux\" \/>\n<meta property=\"og:description\" content=\"Pr\u00e9venir l\u2019extr\u00e9misme violent au Nord du B\u00e9nin : l\u2019engagement de CAPE\/COSCEP pour la paix et la coh\u00e9sion sociale Face \u00e0 l\u2019\u00e9volution des menaces s\u00e9curitaires dans le Nord du B\u00e9nin, la pr\u00e9vention de l\u2019extr\u00e9misme violent exige des r\u00e9ponses coordonn\u00e9es, durables et ancr\u00e9es dans les r\u00e9alit\u00e9s locales. C\u2019est dans cette dynamique que le Cadre d\u2019Appui aux Processus...\" \/>\n<meta property=\"og:url\" content=\"https:\/\/cape-ong.org\/index.php\/2026\/04\/30\/prevenir-lextremisme-violent-au-nord-du-benin-lengagement-de-cape-coscep-pour-la-paix-et-la-cohesion-sociale\/\" \/>\n<meta property=\"og:site_name\" content=\"Cadre d&#039;Appui aux Processus \u00c9lectoraux\" \/>\n<meta property=\"article:published_time\" content=\"2026-04-30T12:23:18+00:00\" \/>\n<meta property=\"article:modified_time\" content=\"2026-04-30T12:54:15+00:00\" \/>\n<meta property=\"og:image\" content=\"https:\/\/cape-ong.org\/wp-content\/uploads\/2026\/04\/las.png\" \/>\n\t<meta property=\"og:image:width\" content=\"992\" \/>\n\t<meta property=\"og:image:height\" content=\"744\" \/>\n\t<meta property=\"og:image:type\" content=\"image\/png\" \/>\n<meta name=\"author\" content=\"admin@cape-ong\" \/>\n<meta name=\"twitter:card\" content=\"summary_large_image\" \/>\n<meta name=\"twitter:label1\" content=\"\u00c9crit par\" \/>\n\t<meta name=\"twitter:data1\" content=\"admin@cape-ong\" \/>\n\t<meta name=\"twitter:label2\" content=\"Dur\u00e9e de lecture estim\u00e9e\" \/>\n\t<meta name=\"twitter:data2\" content=\"10 minutes\" \/>\n<script type=\"application\/ld+json\" class=\"yoast-schema-graph\">{\"@context\":\"https:\/\/schema.org\",\"@graph\":[{\"@type\":\"Article\",\"@id\":\"https:\/\/cape-ong.org\/index.php\/2026\/04\/30\/prevenir-lextremisme-violent-au-nord-du-benin-lengagement-de-cape-coscep-pour-la-paix-et-la-cohesion-sociale\/#article\",\"isPartOf\":{\"@id\":\"https:\/\/cape-ong.org\/index.php\/2026\/04\/30\/prevenir-lextremisme-violent-au-nord-du-benin-lengagement-de-cape-coscep-pour-la-paix-et-la-cohesion-sociale\/\"},\"author\":{\"name\":\"admin@cape-ong\",\"@id\":\"https:\/\/cape-ong.org\/#\/schema\/person\/faa337fccc94fe162ce8347a6d88378c\"},\"headline\":\"Pr\u00e9venir l\u2019extr\u00e9misme violent au Nord du B\u00e9nin : l\u2019engagement de CAPE\/COSCEP pour la paix et la coh\u00e9sion sociale\",\"datePublished\":\"2026-04-30T12:23:18+00:00\",\"dateModified\":\"2026-04-30T12:54:15+00:00\",\"mainEntityOfPage\":{\"@id\":\"https:\/\/cape-ong.org\/index.php\/2026\/04\/30\/prevenir-lextremisme-violent-au-nord-du-benin-lengagement-de-cape-coscep-pour-la-paix-et-la-cohesion-sociale\/\"},\"wordCount\":2069,\"commentCount\":0,\"publisher\":{\"@id\":\"https:\/\/cape-ong.org\/#organization\"},\"image\":{\"@id\":\"https:\/\/cape-ong.org\/index.php\/2026\/04\/30\/prevenir-lextremisme-violent-au-nord-du-benin-lengagement-de-cape-coscep-pour-la-paix-et-la-cohesion-sociale\/#primaryimage\"},\"thumbnailUrl\":\"https:\/\/cape-ong.org\/wp-content\/uploads\/2026\/04\/las.png\",\"inLanguage\":\"fr-FR\",\"potentialAction\":[{\"@type\":\"CommentAction\",\"name\":\"Comment\",\"target\":[\"https:\/\/cape-ong.org\/index.php\/2026\/04\/30\/prevenir-lextremisme-violent-au-nord-du-benin-lengagement-de-cape-coscep-pour-la-paix-et-la-cohesion-sociale\/#respond\"]}]},{\"@type\":\"WebPage\",\"@id\":\"https:\/\/cape-ong.org\/index.php\/2026\/04\/30\/prevenir-lextremisme-violent-au-nord-du-benin-lengagement-de-cape-coscep-pour-la-paix-et-la-cohesion-sociale\/\",\"url\":\"https:\/\/cape-ong.org\/index.php\/2026\/04\/30\/prevenir-lextremisme-violent-au-nord-du-benin-lengagement-de-cape-coscep-pour-la-paix-et-la-cohesion-sociale\/\",\"name\":\"Pr\u00e9venir l\u2019extr\u00e9misme violent au Nord du B\u00e9nin : l\u2019engagement de CAPE\/COSCEP pour la paix et la coh\u00e9sion sociale - Cadre d&#039;Appui aux Processus \u00c9lectoraux\",\"isPartOf\":{\"@id\":\"https:\/\/cape-ong.org\/#website\"},\"primaryImageOfPage\":{\"@id\":\"https:\/\/cape-ong.org\/index.php\/2026\/04\/30\/prevenir-lextremisme-violent-au-nord-du-benin-lengagement-de-cape-coscep-pour-la-paix-et-la-cohesion-sociale\/#primaryimage\"},\"image\":{\"@id\":\"https:\/\/cape-ong.org\/index.php\/2026\/04\/30\/prevenir-lextremisme-violent-au-nord-du-benin-lengagement-de-cape-coscep-pour-la-paix-et-la-cohesion-sociale\/#primaryimage\"},\"thumbnailUrl\":\"https:\/\/cape-ong.org\/wp-content\/uploads\/2026\/04\/las.png\",\"datePublished\":\"2026-04-30T12:23:18+00:00\",\"dateModified\":\"2026-04-30T12:54:15+00:00\",\"breadcrumb\":{\"@id\":\"https:\/\/cape-ong.org\/index.php\/2026\/04\/30\/prevenir-lextremisme-violent-au-nord-du-benin-lengagement-de-cape-coscep-pour-la-paix-et-la-cohesion-sociale\/#breadcrumb\"},\"inLanguage\":\"fr-FR\",\"potentialAction\":[{\"@type\":\"ReadAction\",\"target\":[\"https:\/\/cape-ong.org\/index.php\/2026\/04\/30\/prevenir-lextremisme-violent-au-nord-du-benin-lengagement-de-cape-coscep-pour-la-paix-et-la-cohesion-sociale\/\"]}]},{\"@type\":\"ImageObject\",\"inLanguage\":\"fr-FR\",\"@id\":\"https:\/\/cape-ong.org\/index.php\/2026\/04\/30\/prevenir-lextremisme-violent-au-nord-du-benin-lengagement-de-cape-coscep-pour-la-paix-et-la-cohesion-sociale\/#primaryimage\",\"url\":\"https:\/\/cape-ong.org\/wp-content\/uploads\/2026\/04\/las.png\",\"contentUrl\":\"https:\/\/cape-ong.org\/wp-content\/uploads\/2026\/04\/las.png\",\"width\":992,\"height\":744},{\"@type\":\"BreadcrumbList\",\"@id\":\"https:\/\/cape-ong.org\/index.php\/2026\/04\/30\/prevenir-lextremisme-violent-au-nord-du-benin-lengagement-de-cape-coscep-pour-la-paix-et-la-cohesion-sociale\/#breadcrumb\",\"itemListElement\":[{\"@type\":\"ListItem\",\"position\":1,\"name\":\"Accueil\",\"item\":\"https:\/\/cape-ong.org\/\"},{\"@type\":\"ListItem\",\"position\":2,\"name\":\"Pr\u00e9venir l\u2019extr\u00e9misme violent au Nord du B\u00e9nin : l\u2019engagement de CAPE\/COSCEP pour la paix et la coh\u00e9sion sociale\"}]},{\"@type\":\"WebSite\",\"@id\":\"https:\/\/cape-ong.org\/#website\",\"url\":\"https:\/\/cape-ong.org\/\",\"name\":\"Cadre d&#039;Appui aux Processus \u00c9lectoraux\",\"description\":\"Bienvenue au Cadre d&#039;Appui aux Processus Electoraux\",\"publisher\":{\"@id\":\"https:\/\/cape-ong.org\/#organization\"},\"potentialAction\":[{\"@type\":\"SearchAction\",\"target\":{\"@type\":\"EntryPoint\",\"urlTemplate\":\"https:\/\/cape-ong.org\/?s={search_term_string}\"},\"query-input\":{\"@type\":\"PropertyValueSpecification\",\"valueRequired\":true,\"valueName\":\"search_term_string\"}}],\"inLanguage\":\"fr-FR\"},{\"@type\":\"Organization\",\"@id\":\"https:\/\/cape-ong.org\/#organization\",\"name\":\"Cadre d&#039;Appui aux Processus \u00c9lectoraux\",\"url\":\"https:\/\/cape-ong.org\/\",\"logo\":{\"@type\":\"ImageObject\",\"inLanguage\":\"fr-FR\",\"@id\":\"https:\/\/cape-ong.org\/#\/schema\/logo\/image\/\",\"url\":\"https:\/\/cape-ong.org\/wp-content\/uploads\/2026\/04\/cropped-logo-cape.jpeg\",\"contentUrl\":\"https:\/\/cape-ong.org\/wp-content\/uploads\/2026\/04\/cropped-logo-cape.jpeg\",\"width\":1248,\"height\":832,\"caption\":\"Cadre d&#039;Appui aux Processus \u00c9lectoraux\"},\"image\":{\"@id\":\"https:\/\/cape-ong.org\/#\/schema\/logo\/image\/\"}},{\"@type\":\"Person\",\"@id\":\"https:\/\/cape-ong.org\/#\/schema\/person\/faa337fccc94fe162ce8347a6d88378c\",\"name\":\"admin@cape-ong\",\"image\":{\"@type\":\"ImageObject\",\"inLanguage\":\"fr-FR\",\"@id\":\"https:\/\/cape-ong.org\/#\/schema\/person\/image\/\",\"url\":\"https:\/\/secure.gravatar.com\/avatar\/26c5664d79c053a7ac1be7150b83f2a67ba4ae13fc12884ae928be97985707aa?s=96&d=mm&r=g\",\"contentUrl\":\"https:\/\/secure.gravatar.com\/avatar\/26c5664d79c053a7ac1be7150b83f2a67ba4ae13fc12884ae928be97985707aa?s=96&d=mm&r=g\",\"caption\":\"admin@cape-ong\"},\"sameAs\":[\"https:\/\/cape-ong.org\"],\"url\":\"https:\/\/cape-ong.org\/index.php\/author\/admincape-ong\/\"}]}<\/script>\n<!-- \/ Yoast SEO plugin. -->","yoast_head_json":{"title":"Pr\u00e9venir l\u2019extr\u00e9misme violent au Nord du B\u00e9nin : l\u2019engagement de CAPE\/COSCEP pour la paix et la coh\u00e9sion sociale - Cadre d&#039;Appui aux Processus \u00c9lectoraux","robots":{"index":"index","follow":"follow","max-snippet":"max-snippet:-1","max-image-preview":"max-image-preview:large","max-video-preview":"max-video-preview:-1"},"canonical":"https:\/\/cape-ong.org\/index.php\/2026\/04\/30\/prevenir-lextremisme-violent-au-nord-du-benin-lengagement-de-cape-coscep-pour-la-paix-et-la-cohesion-sociale\/","og_locale":"fr_FR","og_type":"article","og_title":"Pr\u00e9venir l\u2019extr\u00e9misme violent au Nord du B\u00e9nin : l\u2019engagement de CAPE\/COSCEP pour la paix et la coh\u00e9sion sociale - Cadre d&#039;Appui aux Processus \u00c9lectoraux","og_description":"Pr\u00e9venir l\u2019extr\u00e9misme violent au Nord du B\u00e9nin : l\u2019engagement de CAPE\/COSCEP pour la paix et la coh\u00e9sion sociale Face \u00e0 l\u2019\u00e9volution des menaces s\u00e9curitaires dans le Nord du B\u00e9nin, la pr\u00e9vention de l\u2019extr\u00e9misme violent exige des r\u00e9ponses coordonn\u00e9es, durables et ancr\u00e9es dans les r\u00e9alit\u00e9s locales. C\u2019est dans cette dynamique que le Cadre d\u2019Appui aux Processus...","og_url":"https:\/\/cape-ong.org\/index.php\/2026\/04\/30\/prevenir-lextremisme-violent-au-nord-du-benin-lengagement-de-cape-coscep-pour-la-paix-et-la-cohesion-sociale\/","og_site_name":"Cadre d&#039;Appui aux Processus \u00c9lectoraux","article_published_time":"2026-04-30T12:23:18+00:00","article_modified_time":"2026-04-30T12:54:15+00:00","og_image":[{"width":992,"height":744,"url":"https:\/\/cape-ong.org\/wp-content\/uploads\/2026\/04\/las.png","type":"image\/png"}],"author":"admin@cape-ong","twitter_card":"summary_large_image","twitter_misc":{"\u00c9crit par":"admin@cape-ong","Dur\u00e9e de lecture estim\u00e9e":"10 minutes"},"schema":{"@context":"https:\/\/schema.org","@graph":[{"@type":"Article","@id":"https:\/\/cape-ong.org\/index.php\/2026\/04\/30\/prevenir-lextremisme-violent-au-nord-du-benin-lengagement-de-cape-coscep-pour-la-paix-et-la-cohesion-sociale\/#article","isPartOf":{"@id":"https:\/\/cape-ong.org\/index.php\/2026\/04\/30\/prevenir-lextremisme-violent-au-nord-du-benin-lengagement-de-cape-coscep-pour-la-paix-et-la-cohesion-sociale\/"},"author":{"name":"admin@cape-ong","@id":"https:\/\/cape-ong.org\/#\/schema\/person\/faa337fccc94fe162ce8347a6d88378c"},"headline":"Pr\u00e9venir l\u2019extr\u00e9misme violent au Nord du B\u00e9nin : l\u2019engagement de CAPE\/COSCEP pour la paix et la coh\u00e9sion sociale","datePublished":"2026-04-30T12:23:18+00:00","dateModified":"2026-04-30T12:54:15+00:00","mainEntityOfPage":{"@id":"https:\/\/cape-ong.org\/index.php\/2026\/04\/30\/prevenir-lextremisme-violent-au-nord-du-benin-lengagement-de-cape-coscep-pour-la-paix-et-la-cohesion-sociale\/"},"wordCount":2069,"commentCount":0,"publisher":{"@id":"https:\/\/cape-ong.org\/#organization"},"image":{"@id":"https:\/\/cape-ong.org\/index.php\/2026\/04\/30\/prevenir-lextremisme-violent-au-nord-du-benin-lengagement-de-cape-coscep-pour-la-paix-et-la-cohesion-sociale\/#primaryimage"},"thumbnailUrl":"https:\/\/cape-ong.org\/wp-content\/uploads\/2026\/04\/las.png","inLanguage":"fr-FR","potentialAction":[{"@type":"CommentAction","name":"Comment","target":["https:\/\/cape-ong.org\/index.php\/2026\/04\/30\/prevenir-lextremisme-violent-au-nord-du-benin-lengagement-de-cape-coscep-pour-la-paix-et-la-cohesion-sociale\/#respond"]}]},{"@type":"WebPage","@id":"https:\/\/cape-ong.org\/index.php\/2026\/04\/30\/prevenir-lextremisme-violent-au-nord-du-benin-lengagement-de-cape-coscep-pour-la-paix-et-la-cohesion-sociale\/","url":"https:\/\/cape-ong.org\/index.php\/2026\/04\/30\/prevenir-lextremisme-violent-au-nord-du-benin-lengagement-de-cape-coscep-pour-la-paix-et-la-cohesion-sociale\/","name":"Pr\u00e9venir l\u2019extr\u00e9misme violent au Nord du B\u00e9nin : l\u2019engagement de CAPE\/COSCEP pour la paix et la coh\u00e9sion sociale - Cadre d&#039;Appui aux Processus \u00c9lectoraux","isPartOf":{"@id":"https:\/\/cape-ong.org\/#website"},"primaryImageOfPage":{"@id":"https:\/\/cape-ong.org\/index.php\/2026\/04\/30\/prevenir-lextremisme-violent-au-nord-du-benin-lengagement-de-cape-coscep-pour-la-paix-et-la-cohesion-sociale\/#primaryimage"},"image":{"@id":"https:\/\/cape-ong.org\/index.php\/2026\/04\/30\/prevenir-lextremisme-violent-au-nord-du-benin-lengagement-de-cape-coscep-pour-la-paix-et-la-cohesion-sociale\/#primaryimage"},"thumbnailUrl":"https:\/\/cape-ong.org\/wp-content\/uploads\/2026\/04\/las.png","datePublished":"2026-04-30T12:23:18+00:00","dateModified":"2026-04-30T12:54:15+00:00","breadcrumb":{"@id":"https:\/\/cape-ong.org\/index.php\/2026\/04\/30\/prevenir-lextremisme-violent-au-nord-du-benin-lengagement-de-cape-coscep-pour-la-paix-et-la-cohesion-sociale\/#breadcrumb"},"inLanguage":"fr-FR","potentialAction":[{"@type":"ReadAction","target":["https:\/\/cape-ong.org\/index.php\/2026\/04\/30\/prevenir-lextremisme-violent-au-nord-du-benin-lengagement-de-cape-coscep-pour-la-paix-et-la-cohesion-sociale\/"]}]},{"@type":"ImageObject","inLanguage":"fr-FR","@id":"https:\/\/cape-ong.org\/index.php\/2026\/04\/30\/prevenir-lextremisme-violent-au-nord-du-benin-lengagement-de-cape-coscep-pour-la-paix-et-la-cohesion-sociale\/#primaryimage","url":"https:\/\/cape-ong.org\/wp-content\/uploads\/2026\/04\/las.png","contentUrl":"https:\/\/cape-ong.org\/wp-content\/uploads\/2026\/04\/las.png","width":992,"height":744},{"@type":"BreadcrumbList","@id":"https:\/\/cape-ong.org\/index.php\/2026\/04\/30\/prevenir-lextremisme-violent-au-nord-du-benin-lengagement-de-cape-coscep-pour-la-paix-et-la-cohesion-sociale\/#breadcrumb","itemListElement":[{"@type":"ListItem","position":1,"name":"Accueil","item":"https:\/\/cape-ong.org\/"},{"@type":"ListItem","position":2,"name":"Pr\u00e9venir l\u2019extr\u00e9misme violent au Nord du B\u00e9nin : l\u2019engagement de CAPE\/COSCEP pour la paix et la coh\u00e9sion sociale"}]},{"@type":"WebSite","@id":"https:\/\/cape-ong.org\/#website","url":"https:\/\/cape-ong.org\/","name":"Cadre d&#039;Appui aux Processus \u00c9lectoraux","description":"Bienvenue au Cadre d&#039;Appui aux Processus Electoraux","publisher":{"@id":"https:\/\/cape-ong.org\/#organization"},"potentialAction":[{"@type":"SearchAction","target":{"@type":"EntryPoint","urlTemplate":"https:\/\/cape-ong.org\/?s={search_term_string}"},"query-input":{"@type":"PropertyValueSpecification","valueRequired":true,"valueName":"search_term_string"}}],"inLanguage":"fr-FR"},{"@type":"Organization","@id":"https:\/\/cape-ong.org\/#organization","name":"Cadre d&#039;Appui aux Processus \u00c9lectoraux","url":"https:\/\/cape-ong.org\/","logo":{"@type":"ImageObject","inLanguage":"fr-FR","@id":"https:\/\/cape-ong.org\/#\/schema\/logo\/image\/","url":"https:\/\/cape-ong.org\/wp-content\/uploads\/2026\/04\/cropped-logo-cape.jpeg","contentUrl":"https:\/\/cape-ong.org\/wp-content\/uploads\/2026\/04\/cropped-logo-cape.jpeg","width":1248,"height":832,"caption":"Cadre d&#039;Appui aux Processus \u00c9lectoraux"},"image":{"@id":"https:\/\/cape-ong.org\/#\/schema\/logo\/image\/"}},{"@type":"Person","@id":"https:\/\/cape-ong.org\/#\/schema\/person\/faa337fccc94fe162ce8347a6d88378c","name":"admin@cape-ong","image":{"@type":"ImageObject","inLanguage":"fr-FR","@id":"https:\/\/cape-ong.org\/#\/schema\/person\/image\/","url":"https:\/\/secure.gravatar.com\/avatar\/26c5664d79c053a7ac1be7150b83f2a67ba4ae13fc12884ae928be97985707aa?s=96&d=mm&r=g","contentUrl":"https:\/\/secure.gravatar.com\/avatar\/26c5664d79c053a7ac1be7150b83f2a67ba4ae13fc12884ae928be97985707aa?s=96&d=mm&r=g","caption":"admin@cape-ong"},"sameAs":["https:\/\/cape-ong.org"],"url":"https:\/\/cape-ong.org\/index.php\/author\/admincape-ong\/"}]}},"uagb_featured_image_src":{"full":["https:\/\/cape-ong.org\/wp-content\/uploads\/2026\/04\/las.png",992,744,false],"thumbnail":["https:\/\/cape-ong.org\/wp-content\/uploads\/2026\/04\/las-150x150.png",150,150,true],"medium":["https:\/\/cape-ong.org\/wp-content\/uploads\/2026\/04\/las-300x225.png",300,225,true],"medium_large":["https:\/\/cape-ong.org\/wp-content\/uploads\/2026\/04\/las-768x576.png",768,576,true],"large":["https:\/\/cape-ong.org\/wp-content\/uploads\/2026\/04\/las.png",992,744,false],"1536x1536":["https:\/\/cape-ong.org\/wp-content\/uploads\/2026\/04\/las.png",992,744,false],"2048x2048":["https:\/\/cape-ong.org\/wp-content\/uploads\/2026\/04\/las.png",992,744,false]},"uagb_author_info":{"display_name":"admin@cape-ong","author_link":"https:\/\/cape-ong.org\/index.php\/author\/admincape-ong\/"},"uagb_comment_info":0,"uagb_excerpt":"Pr\u00e9venir l\u2019extr\u00e9misme violent au Nord du B\u00e9nin : l\u2019engagement de CAPE\/COSCEP pour la paix et la coh\u00e9sion sociale Face \u00e0 l\u2019\u00e9volution des menaces s\u00e9curitaires dans le Nord du B\u00e9nin, la pr\u00e9vention de l\u2019extr\u00e9misme violent exige des r\u00e9ponses coordonn\u00e9es, durables et ancr\u00e9es dans les r\u00e9alit\u00e9s locales. C\u2019est dans cette dynamique que le Cadre d\u2019Appui aux Processus...","_links":{"self":[{"href":"https:\/\/cape-ong.org\/index.php\/wp-json\/wp\/v2\/posts\/950","targetHints":{"allow":["GET"]}}],"collection":[{"href":"https:\/\/cape-ong.org\/index.php\/wp-json\/wp\/v2\/posts"}],"about":[{"href":"https:\/\/cape-ong.org\/index.php\/wp-json\/wp\/v2\/types\/post"}],"author":[{"embeddable":true,"href":"https:\/\/cape-ong.org\/index.php\/wp-json\/wp\/v2\/users\/1"}],"replies":[{"embeddable":true,"href":"https:\/\/cape-ong.org\/index.php\/wp-json\/wp\/v2\/comments?post=950"}],"version-history":[{"count":31,"href":"https:\/\/cape-ong.org\/index.php\/wp-json\/wp\/v2\/posts\/950\/revisions"}],"predecessor-version":[{"id":988,"href":"https:\/\/cape-ong.org\/index.php\/wp-json\/wp\/v2\/posts\/950\/revisions\/988"}],"wp:featuredmedia":[{"embeddable":true,"href":"https:\/\/cape-ong.org\/index.php\/wp-json\/wp\/v2\/media\/974"}],"wp:attachment":[{"href":"https:\/\/cape-ong.org\/index.php\/wp-json\/wp\/v2\/media?parent=950"}],"wp:term":[{"taxonomy":"category","embeddable":true,"href":"https:\/\/cape-ong.org\/index.php\/wp-json\/wp\/v2\/categories?post=950"},{"taxonomy":"post_tag","embeddable":true,"href":"https:\/\/cape-ong.org\/index.php\/wp-json\/wp\/v2\/tags?post=950"}],"curies":[{"name":"wp","href":"https:\/\/api.w.org\/{rel}","templated":true}]}}